{"id":164490,"date":"2021-01-29T14:50:28","date_gmt":"2021-01-29T13:50:28","guid":{"rendered":"https:\/\/polishscience.pl\/?p=164490"},"modified":"2021-02-01T22:54:36","modified_gmt":"2021-02-01T21:54:36","slug":"oswiecim-acoge-conferencia-cientifica-gestion-y-ingenieria-de-produccion-en-la-era-de-la-industria-4-0","status":"publish","type":"post","link":"https:\/\/www.polishscience.pl\/es\/oswiecim-acoge-conferencia-cientifica-gestion-y-ingenieria-de-produccion-en-la-era-de-la-industria-4-0\/","title":{"rendered":"O\u015bwi\u0119cim acoge conferencia cient\u00edfica \u00abGesti\u00f3n y ingenier\u00eda de producci\u00f3n en la era de la industria 4.0\u00bb"},"content":{"rendered":"<p><strong>El Instituto de Ingenier\u00eda de Gesti\u00f3n y Producci\u00f3n de la Escuela Superior de Polonia Menor en O\u015bwi\u0119cim acoge una conferencia cient\u00edfica titulada \u00abGesti\u00f3n y ingenier\u00eda de producci\u00f3n en la era de la industria 4.0\u00bb. El evento tendr\u00e1 lugar el 2 de febrero de 2021.<\/strong><\/p>\n<p>Debido a la pandemia de Coivd-19, la conferencia se celebrar\u00e1 de forma h\u00edbrida. Los invitados podr\u00e1n asistir al evento en el Auditorio Kazimierz Piechowski de la Escuela, mientras que otras personas y oradores est\u00e1n en l\u00ednea.<\/p>\n<p>La conferencia constar\u00e1 de tres paneles: Sistemas inteligentes e industria 4.0 &#8211; ciencia para la econom\u00eda, Sistemas log\u00edsticos inteligentes al servicio de la industria 4.0 y Estrategias de gesti\u00f3n y desarrollo en la era de la industria 4.0.<\/p>\n<p>El patrocinador del evento es el Alcalde de O\u015bwi\u0119cim, el Jefe de Distrito de O\u015bwi\u0119cim y la Sociedad Polaca de Ingenier\u00eda Agr\u00edcola.<\/p>\n","protected":false},"excerpt":{"rendered":"<p>El Instituto de Ingenier\u00eda de Gesti\u00f3n y Producci\u00f3n de la Escuela Superior de Polonia Menor en O\u015bwi\u0119cim acoge una conferencia cient\u00edfica titulada \u00abGesti\u00f3n y ingenier\u00eda de producci\u00f3n en la era de la industria 4.0\u00bb. El evento tendr\u00e1 lugar el 2 de febrero de 2021. Debido a la pandemia de Coivd-19, la conferencia se celebrar\u00e1 de [&hellip;]<\/p>\n","protected":false},"author":6,"featured_media":0,"comment_status":"closed","ping_status":"closed","sticky":false,"template":"","format":"standard","meta":[],"categories":[80,81],"tags":[],"_links":{"self":[{"href":"https:\/\/www.polishscience.pl\/es\/wp-json\/wp\/v2\/posts\/164490"}],"collection":[{"href":"https:\/\/www.polishscience.pl\/es\/wp-json\/wp\/v2\/posts"}],"about":[{"href":"https:\/\/www.polishscience.pl\/es\/wp-json\/wp\/v2\/types\/post"}],"author":[{"embeddable":true,"href":"https:\/\/www.polishscience.pl\/es\/wp-json\/wp\/v2\/users\/6"}],"replies":[{"embeddable":true,"href":"https:\/\/www.polishscience.pl\/es\/wp-json\/wp\/v2\/comments?post=164490"}],"version-history":[{"count":0,"href":"https:\/\/www.polishscience.pl\/es\/wp-json\/wp\/v2\/posts\/164490\/revisions"}],"wp:attachment":[{"href":"https:\/\/www.polishscience.pl\/es\/wp-json\/wp\/v2\/media?parent=164490"}],"wp:term":[{"taxonomy":"category","embeddable":true,"href":"https:\/\/www.polishscience.pl\/es\/wp-json\/wp\/v2\/categories?post=164490"},{"taxonomy":"post_tag","embeddable":true,"href":"https:\/\/www.polishscience.pl\/es\/wp-json\/wp\/v2\/tags?post=164490"}],"curies":[{"name":"wp","href":"https:\/\/api.w.org\/{rel}","templated":true}]}}