{"id":163983,"date":"2021-01-26T13:28:56","date_gmt":"2021-01-26T12:28:56","guid":{"rendered":"https:\/\/polishscience.pl\/?p=163983"},"modified":"2021-01-30T21:31:45","modified_gmt":"2021-01-30T20:31:45","slug":"la-universidad-de-zielona-gora-estudiara-el-impacto-de-la-epidemia-y-la-cuarentena-en-las-actitudes-de-los-jovenes","status":"publish","type":"post","link":"https:\/\/www.polishscience.pl\/es\/la-universidad-de-zielona-gora-estudiara-el-impacto-de-la-epidemia-y-la-cuarentena-en-las-actitudes-de-los-jovenes\/","title":{"rendered":"La Universidad de Zielona G\u00f3ra estudiar\u00e1 el impacto de la epidemia y la cuarentena en las actitudes de los j\u00f3venes"},"content":{"rendered":"<p><strong>La Universidad de Zielona G\u00f3ra realiza la investigaci\u00f3n \u201cDiagn\u00f3stico interdisciplinario y comparativo de problemas secundarios emergentes en las actitudes y comportamientos de la juventud moderna como consecuencia de la pandemia del coronavirus Covid-19, en una perspectiva individual y comunitaria\u201d. El proyecto est\u00e1 financiado por el Ministerio de Educaci\u00f3n y Ciencia.<\/strong><\/p>\n<p>El objetivo de la tarea es ilustrar el impacto de la epidemia y la cuarentena social relacionada en las actitudes y la vida cotidiana de los j\u00f3venes. Como parte de la tarea, se construir\u00e1 un equipo de representantes de las humanidades y las ciencias sociales, cuyo objetivo ser\u00e1 realizar una amplia investigaci\u00f3n social, realizar una campa\u00f1a de divulgaci\u00f3n del proyecto y preparar herramientas de investigaci\u00f3n.<\/p>\n<p>El proyecto implica la organizaci\u00f3n de jornadas cient\u00edficas relacionadas con el tema de la tarea y las publicaciones de libros con trabajos en base a la investigaci\u00f3n realizada, informa la Universidad.<\/p>\n","protected":false},"excerpt":{"rendered":"<p>La Universidad de Zielona G\u00f3ra realiza la investigaci\u00f3n \u201cDiagn\u00f3stico interdisciplinario y comparativo de problemas secundarios emergentes en las actitudes y comportamientos de la juventud moderna como consecuencia de la pandemia del coronavirus Covid-19, en una perspectiva individual y comunitaria\u201d. El proyecto est\u00e1 financiado por el Ministerio de Educaci\u00f3n y Ciencia. El objetivo de la tarea [&hellip;]<\/p>\n","protected":false},"author":6,"featured_media":0,"comment_status":"closed","ping_status":"closed","sticky":false,"template":"","format":"standard","meta":[],"categories":[81,79],"tags":[],"_links":{"self":[{"href":"https:\/\/www.polishscience.pl\/es\/wp-json\/wp\/v2\/posts\/163983"}],"collection":[{"href":"https:\/\/www.polishscience.pl\/es\/wp-json\/wp\/v2\/posts"}],"about":[{"href":"https:\/\/www.polishscience.pl\/es\/wp-json\/wp\/v2\/types\/post"}],"author":[{"embeddable":true,"href":"https:\/\/www.polishscience.pl\/es\/wp-json\/wp\/v2\/users\/6"}],"replies":[{"embeddable":true,"href":"https:\/\/www.polishscience.pl\/es\/wp-json\/wp\/v2\/comments?post=163983"}],"version-history":[{"count":0,"href":"https:\/\/www.polishscience.pl\/es\/wp-json\/wp\/v2\/posts\/163983\/revisions"}],"wp:attachment":[{"href":"https:\/\/www.polishscience.pl\/es\/wp-json\/wp\/v2\/media?parent=163983"}],"wp:term":[{"taxonomy":"category","embeddable":true,"href":"https:\/\/www.polishscience.pl\/es\/wp-json\/wp\/v2\/categories?post=163983"},{"taxonomy":"post_tag","embeddable":true,"href":"https:\/\/www.polishscience.pl\/es\/wp-json\/wp\/v2\/tags?post=163983"}],"curies":[{"name":"wp","href":"https:\/\/api.w.org\/{rel}","templated":true}]}}