{"id":163875,"date":"2021-01-25T14:28:31","date_gmt":"2021-01-25T13:28:31","guid":{"rendered":"https:\/\/polishscience.pl\/?p=163875"},"modified":"2021-01-30T12:40:48","modified_gmt":"2021-01-30T11:40:48","slug":"ministro-czarnek-debe-liberarse-el-potencial-de-las-humanidades-las-ciencias-sociales-y-la-teologia","status":"publish","type":"post","link":"https:\/\/www.polishscience.pl\/es\/ministro-czarnek-debe-liberarse-el-potencial-de-las-humanidades-las-ciencias-sociales-y-la-teologia\/","title":{"rendered":"Ministro Czarnek: Debe liberarse el potencial de las humanidades, las ciencias sociales y la teolog\u00eda"},"content":{"rendered":"<p><strong>\u201cHasta ahora, en la reforma de la educaci\u00f3n superior y la ciencia, no hemos visto suficientes diferencias entre las humanidades y las ciencias exactas. Estas disciplinas deben ser tratadas de manera diferente en t\u00e9rminos de evaluaci\u00f3n y est\u00e1ndares de internacionalizaci\u00f3n de las publicaciones\u201d, dijo el ministro de Educaci\u00f3n y Ciencia, Przemys\u0142aw Czarnek, en una entrevista con \u00abForum Akademickie\u00bb.<\/strong><\/p>\n<p>En opini\u00f3n del Ministro de Ciencia, tenemos un gran potencial cient\u00edfico en las humanidades, ciencias sociales y teol\u00f3gicas, pero no se utiliza adecuadamente.<\/p>\n<p>\u201cEste potencial debe liberarse. En la Universidad Cat\u00f3lica de Lublin, mi alma mater, tenemos la mejor teolog\u00eda de Europa, excelente filosof\u00eda, ciencias jur\u00eddicas y historia, pero el dinero que gastamos en estas disciplinas no est\u00e1 bien orientado y, a veces, tampoco es suficiente\u201d, dijo el ministro Czarnek.<\/p>\n","protected":false},"excerpt":{"rendered":"<p>\u201cHasta ahora, en la reforma de la educaci\u00f3n superior y la ciencia, no hemos visto suficientes diferencias entre las humanidades y las ciencias exactas. Estas disciplinas deben ser tratadas de manera diferente en t\u00e9rminos de evaluaci\u00f3n y est\u00e1ndares de internacionalizaci\u00f3n de las publicaciones\u201d, dijo el ministro de Educaci\u00f3n y Ciencia, Przemys\u0142aw Czarnek, en una entrevista [&hellip;]<\/p>\n","protected":false},"author":6,"featured_media":0,"comment_status":"closed","ping_status":"closed","sticky":false,"template":"","format":"standard","meta":[],"categories":[77],"tags":[],"_links":{"self":[{"href":"https:\/\/www.polishscience.pl\/es\/wp-json\/wp\/v2\/posts\/163875"}],"collection":[{"href":"https:\/\/www.polishscience.pl\/es\/wp-json\/wp\/v2\/posts"}],"about":[{"href":"https:\/\/www.polishscience.pl\/es\/wp-json\/wp\/v2\/types\/post"}],"author":[{"embeddable":true,"href":"https:\/\/www.polishscience.pl\/es\/wp-json\/wp\/v2\/users\/6"}],"replies":[{"embeddable":true,"href":"https:\/\/www.polishscience.pl\/es\/wp-json\/wp\/v2\/comments?post=163875"}],"version-history":[{"count":0,"href":"https:\/\/www.polishscience.pl\/es\/wp-json\/wp\/v2\/posts\/163875\/revisions"}],"wp:attachment":[{"href":"https:\/\/www.polishscience.pl\/es\/wp-json\/wp\/v2\/media?parent=163875"}],"wp:term":[{"taxonomy":"category","embeddable":true,"href":"https:\/\/www.polishscience.pl\/es\/wp-json\/wp\/v2\/categories?post=163875"},{"taxonomy":"post_tag","embeddable":true,"href":"https:\/\/www.polishscience.pl\/es\/wp-json\/wp\/v2\/tags?post=163875"}],"curies":[{"name":"wp","href":"https:\/\/api.w.org\/{rel}","templated":true}]}}