{"id":163594,"date":"2021-01-21T15:07:16","date_gmt":"2021-01-21T14:07:16","guid":{"rendered":"https:\/\/polishscience.pl\/?p=163594"},"modified":"2021-01-29T15:11:23","modified_gmt":"2021-01-29T14:11:23","slug":"ciclo-de-debates-pro-tempora-dialogo-de-las-ciencias","status":"publish","type":"post","link":"https:\/\/www.polishscience.pl\/es\/ciclo-de-debates-pro-tempora-dialogo-de-las-ciencias\/","title":{"rendered":"Ciclo de debates \u00abPro Tempora. Di\u00e1logo de las ciencias\u00bb"},"content":{"rendered":"<p><strong>Por iniciativa del Comit\u00e9 de Ciencias Teol\u00f3gicas de la Academia Polaca de Ciencias, el 22 de enero de 2021 comienza una nueva serie de debates interdisciplinarios \u00abPro Tempora. Di\u00e1logo de las ciencias\u00bb.<\/strong><\/p>\n<p>El rector de la Academia Cat\u00f3lica de Varsovia, el Profe. Krzysztof Pawlina anuncia que ser\u00e1n \u00abcharlas sobre temas importantes tanto hoy como en el futuro\u00bb. El tema del primer debate ser\u00e1 la libertad, y participar\u00e1n fil\u00f3sofos y te\u00f3logos.<\/p>\n<p>El Prof. Pawlin, quien preside el Comit\u00e9 de Ciencias Teol\u00f3gicas de la Academia Polaca de Ciencias desde mayo de 2020, enfatiza que la finalidad de este proyecto es invitar a representantes de diversas disciplinas cient\u00edficas a un di\u00e1logo. Los rectores de las universidades de Varsovia ya han mostrado inter\u00e9s en esta iniciativa.<\/p>\n<p>Se prev\u00e9n tres debates:<\/p>\n<ul>\n<li>\u00abLibertad y responsabilidad en la era del naturalismo antropol\u00f3gico\u00bb, el viernes 22 de enero a las 19.00;<\/li>\n<li>\u00ab\u00bfSe puede ser libre y responsable en el mundo de la inteligencia artificial?\u201d, en marzo;<\/li>\n<li>\u00abMoralidad y ley estatutaria\u00bb en mayo.<\/li>\n<\/ul>\n","protected":false},"excerpt":{"rendered":"<p>Por iniciativa del Comit\u00e9 de Ciencias Teol\u00f3gicas de la Academia Polaca de Ciencias, el 22 de enero de 2021 comienza una nueva serie de debates interdisciplinarios \u00abPro Tempora. Di\u00e1logo de las ciencias\u00bb. El rector de la Academia Cat\u00f3lica de Varsovia, el Profe. Krzysztof Pawlina anuncia que ser\u00e1n \u00abcharlas sobre temas importantes tanto hoy como en [&hellip;]<\/p>\n","protected":false},"author":6,"featured_media":0,"comment_status":"closed","ping_status":"closed","sticky":false,"template":"","format":"standard","meta":[],"categories":[81,77],"tags":[],"_links":{"self":[{"href":"https:\/\/www.polishscience.pl\/es\/wp-json\/wp\/v2\/posts\/163594"}],"collection":[{"href":"https:\/\/www.polishscience.pl\/es\/wp-json\/wp\/v2\/posts"}],"about":[{"href":"https:\/\/www.polishscience.pl\/es\/wp-json\/wp\/v2\/types\/post"}],"author":[{"embeddable":true,"href":"https:\/\/www.polishscience.pl\/es\/wp-json\/wp\/v2\/users\/6"}],"replies":[{"embeddable":true,"href":"https:\/\/www.polishscience.pl\/es\/wp-json\/wp\/v2\/comments?post=163594"}],"version-history":[{"count":0,"href":"https:\/\/www.polishscience.pl\/es\/wp-json\/wp\/v2\/posts\/163594\/revisions"}],"wp:attachment":[{"href":"https:\/\/www.polishscience.pl\/es\/wp-json\/wp\/v2\/media?parent=163594"}],"wp:term":[{"taxonomy":"category","embeddable":true,"href":"https:\/\/www.polishscience.pl\/es\/wp-json\/wp\/v2\/categories?post=163594"},{"taxonomy":"post_tag","embeddable":true,"href":"https:\/\/www.polishscience.pl\/es\/wp-json\/wp\/v2\/tags?post=163594"}],"curies":[{"name":"wp","href":"https:\/\/api.w.org\/{rel}","templated":true}]}}