{"id":162636,"date":"2021-01-19T13:04:29","date_gmt":"2021-01-19T12:04:29","guid":{"rendered":"https:\/\/polishscience.pl\/?p=162636"},"modified":"2021-01-26T21:08:00","modified_gmt":"2021-01-26T20:08:00","slug":"cracovia-acogio-conferencia-sobre-el-desarrollo-de-la-ciudadania-europea","status":"publish","type":"post","link":"https:\/\/www.polishscience.pl\/es\/cracovia-acogio-conferencia-sobre-el-desarrollo-de-la-ciudadania-europea\/","title":{"rendered":"Cracovia acogi\u00f3 conferencia sobre el desarrollo de la ciudadan\u00eda europea"},"content":{"rendered":"<p><strong>El Departamento de Pol\u00edtica y Cultura de los Pa\u00edses Mediterr\u00e1neos del Instituto de Estudios Europeos de la Universidad Jaguel\u00f3ncia de Cracovia fue el organizador de una conferencia cient\u00edfica internacional \u00abDar forma a la ciudadan\u00eda europea en sociedades post-totalitarias. Reflexiones 15 a\u00f1os despu\u00e9s de la ampliaci\u00f3n de la Uni\u00f3n Europea\u201d, que se llev\u00f3 a cabo el el 22 de enero de 2021.<\/strong><\/p>\n<p>La conferencia fue el resultado de un proyecto implementado en el Instituto de Estudios Europeos en el marco del programa Europa para los Ciudadanos.<\/p>\n<p>La conferencia consisti\u00f3 en paneles:Transici\u00f3n de sistemas antidemocr\u00e1ticos (totalitarios y autoritarios) a la democracia; Dar forma a la sociedad civil en sociedades post-totalitarias; Los cambios que tuvieron lugar en Europa Central y Oriental antes y despu\u00e9s de la ampliaci\u00f3n de 2004, con especial \u00e9nfasis en la cuesti\u00f3n de la identidad nacional y europea; La memoria de los totalitarismos en estados post-totalitarios (perspectiva comparada).<\/p>\n","protected":false},"excerpt":{"rendered":"<p>El Departamento de Pol\u00edtica y Cultura de los Pa\u00edses Mediterr\u00e1neos del Instituto de Estudios Europeos de la Universidad Jaguel\u00f3ncia de Cracovia fue el organizador de una conferencia cient\u00edfica internacional \u00abDar forma a la ciudadan\u00eda europea en sociedades post-totalitarias. Reflexiones 15 a\u00f1os despu\u00e9s de la ampliaci\u00f3n de la Uni\u00f3n Europea\u201d, que se llev\u00f3 a cabo el [&hellip;]<\/p>\n","protected":false},"author":6,"featured_media":0,"comment_status":"closed","ping_status":"closed","sticky":false,"template":"","format":"standard","meta":[],"categories":[81],"tags":[],"_links":{"self":[{"href":"https:\/\/www.polishscience.pl\/es\/wp-json\/wp\/v2\/posts\/162636"}],"collection":[{"href":"https:\/\/www.polishscience.pl\/es\/wp-json\/wp\/v2\/posts"}],"about":[{"href":"https:\/\/www.polishscience.pl\/es\/wp-json\/wp\/v2\/types\/post"}],"author":[{"embeddable":true,"href":"https:\/\/www.polishscience.pl\/es\/wp-json\/wp\/v2\/users\/6"}],"replies":[{"embeddable":true,"href":"https:\/\/www.polishscience.pl\/es\/wp-json\/wp\/v2\/comments?post=162636"}],"version-history":[{"count":0,"href":"https:\/\/www.polishscience.pl\/es\/wp-json\/wp\/v2\/posts\/162636\/revisions"}],"wp:attachment":[{"href":"https:\/\/www.polishscience.pl\/es\/wp-json\/wp\/v2\/media?parent=162636"}],"wp:term":[{"taxonomy":"category","embeddable":true,"href":"https:\/\/www.polishscience.pl\/es\/wp-json\/wp\/v2\/categories?post=162636"},{"taxonomy":"post_tag","embeddable":true,"href":"https:\/\/www.polishscience.pl\/es\/wp-json\/wp\/v2\/tags?post=162636"}],"curies":[{"name":"wp","href":"https:\/\/api.w.org\/{rel}","templated":true}]}}