{"id":160472,"date":"2020-12-31T12:31:27","date_gmt":"2020-12-31T11:31:27","guid":{"rendered":"https:\/\/polishscience.pl\/?p=160472"},"modified":"2020-12-31T14:35:41","modified_gmt":"2020-12-31T13:35:41","slug":"a-partir-del-nuevo-ano-el-ministerio-de-educacion-y-ciencia-funcionara-formalmente","status":"publish","type":"post","link":"https:\/\/www.polishscience.pl\/es\/a-partir-del-nuevo-ano-el-ministerio-de-educacion-y-ciencia-funcionara-formalmente\/","title":{"rendered":"A partir del nuevo a\u00f1o, el Ministerio de Educaci\u00f3n y Ciencia funcionar\u00e1 formalmente"},"content":{"rendered":"<p><strong>A partir del 1 de enero de 2020, el Ministerio de Ciencia y Educaci\u00f3n Superior y el Ministerio de Educaci\u00f3n Nacional se fusionar\u00e1n formalmente y ser\u00e1n reemplazados por un solo Ministerio de Educaci\u00f3n y Ciencia.<\/strong><\/p>\n<p>\u201cHabr\u00e1 menos viceministros, algunos departamentos se fusionar\u00e1n, otros permanecer\u00e1n separados\u201d, inform\u00f3 el ministro de Educaci\u00f3n y Ciencia, Przemys\u0142aw Czarnek, en la Radio Polaca 1. Tambi\u00e9n anunci\u00f3 la fusi\u00f3n de aquellos departamentos cuyos \u00e1mbitos de actividad se superponen, como los departamentos de cooperaci\u00f3n internacional. Al mismo tiempo record\u00f3 que hay dos departamentos de la administraci\u00f3n gubernamental: \u00abeducaci\u00f3n nacional\u00bb y \u00abciencia y educaci\u00f3n superior\u00bb, que seguir\u00e1n funcionando por separado.<\/p>\n","protected":false},"excerpt":{"rendered":"<p>A partir del 1 de enero de 2020, el Ministerio de Ciencia y Educaci\u00f3n Superior y el Ministerio de Educaci\u00f3n Nacional se fusionar\u00e1n formalmente y ser\u00e1n reemplazados por un solo Ministerio de Educaci\u00f3n y Ciencia. \u201cHabr\u00e1 menos viceministros, algunos departamentos se fusionar\u00e1n, otros permanecer\u00e1n separados\u201d, inform\u00f3 el ministro de Educaci\u00f3n y Ciencia, Przemys\u0142aw Czarnek, en [&hellip;]<\/p>\n","protected":false},"author":6,"featured_media":0,"comment_status":"closed","ping_status":"closed","sticky":false,"template":"","format":"standard","meta":[],"categories":[75,81],"tags":[],"_links":{"self":[{"href":"https:\/\/www.polishscience.pl\/es\/wp-json\/wp\/v2\/posts\/160472"}],"collection":[{"href":"https:\/\/www.polishscience.pl\/es\/wp-json\/wp\/v2\/posts"}],"about":[{"href":"https:\/\/www.polishscience.pl\/es\/wp-json\/wp\/v2\/types\/post"}],"author":[{"embeddable":true,"href":"https:\/\/www.polishscience.pl\/es\/wp-json\/wp\/v2\/users\/6"}],"replies":[{"embeddable":true,"href":"https:\/\/www.polishscience.pl\/es\/wp-json\/wp\/v2\/comments?post=160472"}],"version-history":[{"count":0,"href":"https:\/\/www.polishscience.pl\/es\/wp-json\/wp\/v2\/posts\/160472\/revisions"}],"wp:attachment":[{"href":"https:\/\/www.polishscience.pl\/es\/wp-json\/wp\/v2\/media?parent=160472"}],"wp:term":[{"taxonomy":"category","embeddable":true,"href":"https:\/\/www.polishscience.pl\/es\/wp-json\/wp\/v2\/categories?post=160472"},{"taxonomy":"post_tag","embeddable":true,"href":"https:\/\/www.polishscience.pl\/es\/wp-json\/wp\/v2\/tags?post=160472"}],"curies":[{"name":"wp","href":"https:\/\/api.w.org\/{rel}","templated":true}]}}