{"id":159791,"date":"2020-12-24T12:55:52","date_gmt":"2020-12-24T11:55:52","guid":{"rendered":"https:\/\/polishscience.pl\/?p=159791"},"modified":"2020-12-24T13:59:07","modified_gmt":"2020-12-24T12:59:07","slug":"investigacion-artica-de-los-cientificos-de-la-universidad-adam-mickiewicz-de-poznan","status":"publish","type":"post","link":"https:\/\/www.polishscience.pl\/es\/investigacion-artica-de-los-cientificos-de-la-universidad-adam-mickiewicz-de-poznan\/","title":{"rendered":"Investigaci\u00f3n \u00e1rtica de los cient\u00edficos de la Universidad Adam Mickiewicz de Pozna\u0144"},"content":{"rendered":"<p><strong>Un equipo internacional de cient\u00edficos ha investigado la relaci\u00f3n entre el crecimiento de los arbustos postrados \u00e1rticos y los cambios en la extensi\u00f3n del hielo marino, la temperatura del aire y las precipitaciones en el \u00c1rtico. El trabajo fue dirigido por la Dra. Agata Buchwa\u0142 de la Universidad Adam Mickiewicz de Pozna\u0144.<\/strong><\/p>\n<p>\u00bfPor qu\u00e9 es importante el crecimiento de los arbustos postrados? Los investigadores explican que la tundra arbustiva, como el bosque en latitudes m\u00e1s bajas, es un regulador importante del ciclo del carbono. Mientras que las \u00e1reas de la tundra con exuberantes arbustos pueden absorber y almacenar m\u00e1s di\u00f3xido de carbono de la atm\u00f3sfera, las \u00e1reas con arbustos que muestran una disminuci\u00f3n del crecimiento son una potencial fuente de di\u00f3xido de carbono, informa la Universidad.<\/p>\n<p>Los investigadores han demostrado que la extensi\u00f3n decreciente del hielo marino afecta el crecimiento de los arbustos postrados de la tundra en algunas regiones del \u00c1rtico y reduce su crecimiento en otras, m\u00e1s secas. El trabajo fue publicado en Proceedings of the National Academy of Sciences of the United States of America.<\/p>\n<p>M\u00e1s: <a href=\"https:\/\/amu.edu.pl\/wiadomosci\/aktualnosci\/kandydaci\/dla-mediow\/komunikaty-prasowe\/krzewinki-tundrowe-nie-krzycza-o-zmianach-klimatu.-cierpliwie-je-rejestruja.\">https:\/\/amu.edu.pl\/wiadomosci\/aktualnosci\/kandydaci\/dla-mediow\/komunikaty-prasowe\/krzewinki-tundrowe-nie-krzycza-o-zmianach-klimatu.-cierpliwie-je-rejestruja.<\/a><\/p>\n","protected":false},"excerpt":{"rendered":"<p>Un equipo internacional de cient\u00edficos ha investigado la relaci\u00f3n entre el crecimiento de los arbustos postrados \u00e1rticos y los cambios en la extensi\u00f3n del hielo marino, la temperatura del aire y las precipitaciones en el \u00c1rtico. El trabajo fue dirigido por la Dra. Agata Buchwa\u0142 de la Universidad Adam Mickiewicz de Pozna\u0144. \u00bfPor qu\u00e9 es [&hellip;]<\/p>\n","protected":false},"author":6,"featured_media":0,"comment_status":"closed","ping_status":"closed","sticky":false,"template":"","format":"standard","meta":[],"categories":[81],"tags":[],"_links":{"self":[{"href":"https:\/\/www.polishscience.pl\/es\/wp-json\/wp\/v2\/posts\/159791"}],"collection":[{"href":"https:\/\/www.polishscience.pl\/es\/wp-json\/wp\/v2\/posts"}],"about":[{"href":"https:\/\/www.polishscience.pl\/es\/wp-json\/wp\/v2\/types\/post"}],"author":[{"embeddable":true,"href":"https:\/\/www.polishscience.pl\/es\/wp-json\/wp\/v2\/users\/6"}],"replies":[{"embeddable":true,"href":"https:\/\/www.polishscience.pl\/es\/wp-json\/wp\/v2\/comments?post=159791"}],"version-history":[{"count":0,"href":"https:\/\/www.polishscience.pl\/es\/wp-json\/wp\/v2\/posts\/159791\/revisions"}],"wp:attachment":[{"href":"https:\/\/www.polishscience.pl\/es\/wp-json\/wp\/v2\/media?parent=159791"}],"wp:term":[{"taxonomy":"category","embeddable":true,"href":"https:\/\/www.polishscience.pl\/es\/wp-json\/wp\/v2\/categories?post=159791"},{"taxonomy":"post_tag","embeddable":true,"href":"https:\/\/www.polishscience.pl\/es\/wp-json\/wp\/v2\/tags?post=159791"}],"curies":[{"name":"wp","href":"https:\/\/api.w.org\/{rel}","templated":true}]}}