{"id":159603,"date":"2020-12-23T13:30:01","date_gmt":"2020-12-23T12:30:01","guid":{"rendered":"https:\/\/polishscience.pl\/?p=159603"},"modified":"2020-12-23T15:07:45","modified_gmt":"2020-12-23T14:07:45","slug":"acerca-de-la-discapacidad-en-los-siglos-pasados-nuevo-proyecto-internacional-en-la-universidad-adam-mickiewicz","status":"publish","type":"post","link":"https:\/\/www.polishscience.pl\/es\/acerca-de-la-discapacidad-en-los-siglos-pasados-nuevo-proyecto-internacional-en-la-universidad-adam-mickiewicz\/","title":{"rendered":"Discapacidad en los siglos pasados \u2013 nuevo proyecto internacional en la Universidad Adam Mickiewicz"},"content":{"rendered":"<p><strong>La reconstrucci\u00f3n de la vida de las personas con discapacidad en la Europa central de los siglos XIV al XVIII es el objetivo del proyecto de investigaci\u00f3n \u00abPast Lifeways and Deathways of the Disabled in 14th-18th Century Central Europe &#8211; DIS-ABLED\u00bb, realizado por la Universidad de Liverpool en cooperaci\u00f3n con Arizona State University y Universidad Adam Mickiewicz de Pozna\u0144.<\/strong><\/p>\n<p>Europa Central ofrece datos \u00fanicos y ricos sobre fuentes y materiales escritos, arqueol\u00f3gicos y osteol\u00f3gicos para la investigaci\u00f3n de la discapacidad. Las fuentes ofrecen una imagen \u00fanica de aspectos socioculturales particularmente interesantes de la discapacidad.<\/p>\n<p>Los autores del proyecto pretenden mostrar el patrimonio de las personas con discapacidad de Europa Central, que forma parte del patrimonio europeo, y concienciar al p\u00fablico sobre la historia de estas personas. Un an\u00e1lisis arqueol\u00f3gico detallado ayudar\u00e1 a explicar c\u00f3mo se trat\u00f3 a las personas con discapacidad y cu\u00e1l era su estatus social, informa la Universidad.<\/p>\n<p>M\u00e1s: <a href=\"https:\/\/amu.edu.pl\/wiadomosci\/aktualnosci\/kandydaci\/dla-mediow\/komunikaty-prasowe\/o-niepelnosprawnosci-w-minionych-wiekach\">https:\/\/amu.edu.pl\/wiadomosci\/aktualnosci\/kandydaci\/dla-mediow\/komunikaty-prasowe\/o-niepelnosprawnosci-w-minionych-wiekach<\/a><\/p>\n","protected":false},"excerpt":{"rendered":"<p>La reconstrucci\u00f3n de la vida de las personas con discapacidad en la Europa central de los siglos XIV al XVIII es el objetivo del proyecto de investigaci\u00f3n \u00abPast Lifeways and Deathways of the Disabled in 14th-18th Century Central Europe &#8211; DIS-ABLED\u00bb, realizado por la Universidad de Liverpool en cooperaci\u00f3n con Arizona State University y Universidad [&hellip;]<\/p>\n","protected":false},"author":6,"featured_media":0,"comment_status":"closed","ping_status":"closed","sticky":false,"template":"","format":"standard","meta":[],"categories":[75],"tags":[],"_links":{"self":[{"href":"https:\/\/www.polishscience.pl\/es\/wp-json\/wp\/v2\/posts\/159603"}],"collection":[{"href":"https:\/\/www.polishscience.pl\/es\/wp-json\/wp\/v2\/posts"}],"about":[{"href":"https:\/\/www.polishscience.pl\/es\/wp-json\/wp\/v2\/types\/post"}],"author":[{"embeddable":true,"href":"https:\/\/www.polishscience.pl\/es\/wp-json\/wp\/v2\/users\/6"}],"replies":[{"embeddable":true,"href":"https:\/\/www.polishscience.pl\/es\/wp-json\/wp\/v2\/comments?post=159603"}],"version-history":[{"count":0,"href":"https:\/\/www.polishscience.pl\/es\/wp-json\/wp\/v2\/posts\/159603\/revisions"}],"wp:attachment":[{"href":"https:\/\/www.polishscience.pl\/es\/wp-json\/wp\/v2\/media?parent=159603"}],"wp:term":[{"taxonomy":"category","embeddable":true,"href":"https:\/\/www.polishscience.pl\/es\/wp-json\/wp\/v2\/categories?post=159603"},{"taxonomy":"post_tag","embeddable":true,"href":"https:\/\/www.polishscience.pl\/es\/wp-json\/wp\/v2\/tags?post=159603"}],"curies":[{"name":"wp","href":"https:\/\/api.w.org\/{rel}","templated":true}]}}