{"id":158758,"date":"2020-12-16T15:31:31","date_gmt":"2020-12-16T14:31:31","guid":{"rendered":"https:\/\/polishscience.pl\/?p=158758"},"modified":"2020-12-16T16:35:07","modified_gmt":"2020-12-16T15:35:07","slug":"graduado-de-la-universidad-de-ciencias-de-la-vida-en-poznan-se-convierte-en-un-miembro-de-la-oficina-del-foro-de-las-naciones-unidas-sobre-bosques","status":"publish","type":"post","link":"https:\/\/www.polishscience.pl\/es\/graduado-de-la-universidad-de-ciencias-de-la-vida-en-poznan-se-convierte-en-un-miembro-de-la-oficina-del-foro-de-las-naciones-unidas-sobre-bosques\/","title":{"rendered":"Graduado de la Universidad de Ciencias de la Vida en Pozna\u0144 se convierte en un miembro de la Oficina del Foro de las Naciones Unidas sobre Bosques"},"content":{"rendered":"<p><strong>Tomasz Markiewicz, graduado de la Universidad de Ciencias de la Vida de Pozna\u0144 (UPP) y presidente del Consejo Universitario de la UPP, como primer polaco y decimoquinto europeo en la historia, fue elegido miembro de la Oficina del Foro de las Naciones Unidas sobre Bosques.<\/strong><\/p>\n<p>Tomasz Markiewicz fue vicepresidente de la Uni\u00f3n de Silvicultores Europeos, la organizaci\u00f3n m\u00e1s grande y antigua que re\u00fane a 80.000 silvicultores de 25 pa\u00edses europeos. En la ONU, sus tareas estar\u00e1n relacionadas con la pol\u00edtica forestal internacional y la implementaci\u00f3n de estrategias de manejo forestal sostenible.<\/p>\n<p>El Foro de las Naciones Unidas sobre Bosques fue establecido en 2000 por el Consejo Econ\u00f3mico y Social de las Naciones Unidas. La membres\u00eda en el Foro es universal y todos los estados miembros de las Naciones Unidas pertenecen a \u00e9l. Este es el \u00fanico foro internacional que se ocupa exclusivamente de cuestiones forestales y promueve la gesti\u00f3n forestal sostenible.<\/p>\n<p>M\u00e1s: <a href=\"https:\/\/puls.edu.pl\/aktualno-ci\/przewodnicz-cy-rady-uczelni-uniwersytetu-przyrodniczego-w-poznaniu-w-organizacji-narod-w\">https:\/\/puls.edu.pl\/aktualno-ci\/przewodnicz-cy-rady-uczelni-uniwersytetu-przyrodniczego-w-poznaniu-w-organizacji-narod-w<\/a><\/p>\n","protected":false},"excerpt":{"rendered":"<p>Tomasz Markiewicz, graduado de la Universidad de Ciencias de la Vida de Pozna\u0144 (UPP) y presidente del Consejo Universitario de la UPP, como primer polaco y decimoquinto europeo en la historia, fue elegido miembro de la Oficina del Foro de las Naciones Unidas sobre Bosques. Tomasz Markiewicz fue vicepresidente de la Uni\u00f3n de Silvicultores Europeos, [&hellip;]<\/p>\n","protected":false},"author":6,"featured_media":0,"comment_status":"closed","ping_status":"closed","sticky":false,"template":"","format":"standard","meta":[],"categories":[81],"tags":[],"_links":{"self":[{"href":"https:\/\/www.polishscience.pl\/es\/wp-json\/wp\/v2\/posts\/158758"}],"collection":[{"href":"https:\/\/www.polishscience.pl\/es\/wp-json\/wp\/v2\/posts"}],"about":[{"href":"https:\/\/www.polishscience.pl\/es\/wp-json\/wp\/v2\/types\/post"}],"author":[{"embeddable":true,"href":"https:\/\/www.polishscience.pl\/es\/wp-json\/wp\/v2\/users\/6"}],"replies":[{"embeddable":true,"href":"https:\/\/www.polishscience.pl\/es\/wp-json\/wp\/v2\/comments?post=158758"}],"version-history":[{"count":0,"href":"https:\/\/www.polishscience.pl\/es\/wp-json\/wp\/v2\/posts\/158758\/revisions"}],"wp:attachment":[{"href":"https:\/\/www.polishscience.pl\/es\/wp-json\/wp\/v2\/media?parent=158758"}],"wp:term":[{"taxonomy":"category","embeddable":true,"href":"https:\/\/www.polishscience.pl\/es\/wp-json\/wp\/v2\/categories?post=158758"},{"taxonomy":"post_tag","embeddable":true,"href":"https:\/\/www.polishscience.pl\/es\/wp-json\/wp\/v2\/tags?post=158758"}],"curies":[{"name":"wp","href":"https:\/\/api.w.org\/{rel}","templated":true}]}}