{"id":157846,"date":"2020-12-10T13:51:35","date_gmt":"2020-12-10T12:51:35","guid":{"rendered":"https:\/\/polishscience.pl\/?p=157846"},"modified":"2020-12-11T12:46:08","modified_gmt":"2020-12-11T11:46:08","slug":"conferencia-cientifica-aspectos-culturales-y-sociales-de-la-publicidad-y-el-marketing","status":"publish","type":"post","link":"https:\/\/www.polishscience.pl\/es\/conferencia-cientifica-aspectos-culturales-y-sociales-de-la-publicidad-y-el-marketing\/","title":{"rendered":"Conferencia cient\u00edfica \u00abAspectos culturales y sociales de la publicidad y el marketing\u00bb"},"content":{"rendered":"<p><strong>El Club Estudiantil de Sociolog\u00eda de la Universidad de Ciencia y Tecnolog\u00eda AGH de Cracovia y la Fundaci\u00f3n \u00abdzie\u0144 dobry! kolektyw kultury\u00bb organizan una conferencia cient\u00edfica interdisciplinaria \u00abAspectos culturales y sociales de la publicidad y el marketing\u00bb. El evento se desarrollar\u00e1 del 12 al 13 de diciembre de 2020.<\/strong><\/p>\n<p>Los organizadores invitan a personas relacionadas con la sociolog\u00eda, estudios culturales, marketing y gesti\u00f3n, ling\u00fc\u00edstica, literatura, pedagog\u00eda, antropolog\u00eda cultural, ciencias del arte, filolog\u00eda, derecho, psicolog\u00eda, ciencias pol\u00edticas y otras humanidades y ciencias sociales a participar en la conferencia.<\/p>\n<p>La conferencia est\u00e1 centrada en temas relacionados con la publicidad y el marketing, es decir: historia de la publicidad y el marketing, an\u00e1lisis e interpretaci\u00f3n de mensajes publicitarios seleccionados, aspectos ling\u00fc\u00edsticos de la publicidad, aspectos psicol\u00f3gicos de la publicidad o responsabilidad social de la publicidad y sus aspectos \u00e9ticos.<\/p>\n","protected":false},"excerpt":{"rendered":"<p>El Club Estudiantil de Sociolog\u00eda de la Universidad de Ciencia y Tecnolog\u00eda AGH de Cracovia y la Fundaci\u00f3n \u00abdzie\u0144 dobry! kolektyw kultury\u00bb organizan una conferencia cient\u00edfica interdisciplinaria \u00abAspectos culturales y sociales de la publicidad y el marketing\u00bb. El evento se desarrollar\u00e1 del 12 al 13 de diciembre de 2020. Los organizadores invitan a personas relacionadas [&hellip;]<\/p>\n","protected":false},"author":6,"featured_media":0,"comment_status":"closed","ping_status":"closed","sticky":false,"template":"","format":"standard","meta":[],"categories":[81,77],"tags":[],"_links":{"self":[{"href":"https:\/\/www.polishscience.pl\/es\/wp-json\/wp\/v2\/posts\/157846"}],"collection":[{"href":"https:\/\/www.polishscience.pl\/es\/wp-json\/wp\/v2\/posts"}],"about":[{"href":"https:\/\/www.polishscience.pl\/es\/wp-json\/wp\/v2\/types\/post"}],"author":[{"embeddable":true,"href":"https:\/\/www.polishscience.pl\/es\/wp-json\/wp\/v2\/users\/6"}],"replies":[{"embeddable":true,"href":"https:\/\/www.polishscience.pl\/es\/wp-json\/wp\/v2\/comments?post=157846"}],"version-history":[{"count":0,"href":"https:\/\/www.polishscience.pl\/es\/wp-json\/wp\/v2\/posts\/157846\/revisions"}],"wp:attachment":[{"href":"https:\/\/www.polishscience.pl\/es\/wp-json\/wp\/v2\/media?parent=157846"}],"wp:term":[{"taxonomy":"category","embeddable":true,"href":"https:\/\/www.polishscience.pl\/es\/wp-json\/wp\/v2\/categories?post=157846"},{"taxonomy":"post_tag","embeddable":true,"href":"https:\/\/www.polishscience.pl\/es\/wp-json\/wp\/v2\/tags?post=157846"}],"curies":[{"name":"wp","href":"https:\/\/api.w.org\/{rel}","templated":true}]}}