{"id":156936,"date":"2020-12-03T16:48:31","date_gmt":"2020-12-03T15:48:31","guid":{"rendered":"https:\/\/polishscience.pl\/?p=156936"},"modified":"2020-12-03T17:50:56","modified_gmt":"2020-12-03T16:50:56","slug":"bielsko-biala-acoge-una-conferencia-sobre-virtualizacion-de-la-vida-social-en-tiempos-de-pandemia","status":"publish","type":"post","link":"https:\/\/www.polishscience.pl\/es\/bielsko-biala-acoge-una-conferencia-sobre-virtualizacion-de-la-vida-social-en-tiempos-de-pandemia\/","title":{"rendered":"Bielsko-Bia\u0142a acoge una conferencia sobre virtualizaci\u00f3n de la vida social en tiempos de pandemia"},"content":{"rendered":"<p><strong>Las Facultades de Gesti\u00f3n y Transporte, Humanidades y Estudios Sociales de la Universidad de Tecnolog\u00eda y Humanidades de Bielsko-Bia\u0142a organizan el 17 de diciembre una conferencia \u00abVirtualizaci\u00f3n de la vida social en tiempos de pandemia\u00bb. El evento se realizar\u00e1 de forma virtual.<\/strong><\/p>\n<p>La pandemia result\u00f3 en el cierre o limitaci\u00f3n del funcionamiento de sistemas y subsistemas de la vida econ\u00f3mica, social, pol\u00edtica y cultural. Durante la conferencia se discutir\u00e1n los temas de educaci\u00f3n superior y educaci\u00f3n, las actividades de los sectores culturales, en lo que respecta a la protecci\u00f3n de la salud y el estado de las pol\u00edticas p\u00fablicas, la actividad econ\u00f3mica y el esp\u00edritu empresarial, as\u00ed como la pr\u00e1ctica de la vida cotidiana y las actividades relacionadas con el culto religioso.<\/p>\n<p>Los socios de la conferencia son: el Departamento de Sociolog\u00eda de la Econom\u00eda y la Comunicaci\u00f3n Social de la Universidad de Ciencia y Tecnolog\u00eda AGH de Cracovia, el Departamento de Sociolog\u00eda e Historia Militar de la Academia Naval de Gdynia y el Departamento de Periodismo y Comunicaci\u00f3n Social de la Universidad Jan Kochanowski de Kielce.<\/p>\n<p>M\u00e1s: <a href=\"https:\/\/www.ath.bielsko.pl\/wirtualizacja-zycia-spolecznego-w-czasach-pandemii\/\">https:\/\/www.ath.bielsko.pl\/wirtualizacja-zycia-spolecznego-w-czasach-pandemii\/<\/a><\/p>\n","protected":false},"excerpt":{"rendered":"<p>Las Facultades de Gesti\u00f3n y Transporte, Humanidades y Estudios Sociales de la Universidad de Tecnolog\u00eda y Humanidades de Bielsko-Bia\u0142a organizan el 17 de diciembre una conferencia \u00abVirtualizaci\u00f3n de la vida social en tiempos de pandemia\u00bb. El evento se realizar\u00e1 de forma virtual. La pandemia result\u00f3 en el cierre o limitaci\u00f3n del funcionamiento de sistemas y [&hellip;]<\/p>\n","protected":false},"author":6,"featured_media":0,"comment_status":"closed","ping_status":"closed","sticky":false,"template":"","format":"standard","meta":[],"categories":[81],"tags":[],"_links":{"self":[{"href":"https:\/\/www.polishscience.pl\/es\/wp-json\/wp\/v2\/posts\/156936"}],"collection":[{"href":"https:\/\/www.polishscience.pl\/es\/wp-json\/wp\/v2\/posts"}],"about":[{"href":"https:\/\/www.polishscience.pl\/es\/wp-json\/wp\/v2\/types\/post"}],"author":[{"embeddable":true,"href":"https:\/\/www.polishscience.pl\/es\/wp-json\/wp\/v2\/users\/6"}],"replies":[{"embeddable":true,"href":"https:\/\/www.polishscience.pl\/es\/wp-json\/wp\/v2\/comments?post=156936"}],"version-history":[{"count":0,"href":"https:\/\/www.polishscience.pl\/es\/wp-json\/wp\/v2\/posts\/156936\/revisions"}],"wp:attachment":[{"href":"https:\/\/www.polishscience.pl\/es\/wp-json\/wp\/v2\/media?parent=156936"}],"wp:term":[{"taxonomy":"category","embeddable":true,"href":"https:\/\/www.polishscience.pl\/es\/wp-json\/wp\/v2\/categories?post=156936"},{"taxonomy":"post_tag","embeddable":true,"href":"https:\/\/www.polishscience.pl\/es\/wp-json\/wp\/v2\/tags?post=156936"}],"curies":[{"name":"wp","href":"https:\/\/api.w.org\/{rel}","templated":true}]}}