{"id":156263,"date":"2020-11-30T15:48:01","date_gmt":"2020-11-30T14:48:01","guid":{"rendered":"https:\/\/polishscience.pl\/?p=156263"},"modified":"2020-11-30T15:48:01","modified_gmt":"2020-11-30T14:48:01","slug":"v-congreso-cientifico-nacional-de-derecho-medico","status":"publish","type":"post","link":"https:\/\/www.polishscience.pl\/es\/v-congreso-cientifico-nacional-de-derecho-medico\/","title":{"rendered":"V Congreso Cient\u00edfico Nacional de Derecho M\u00e9dico"},"content":{"rendered":"<p><strong>La Asociaci\u00f3n Europea de Estudiantes de Derecho ELSA Rzesz\u00f3w organiza la V Conferencia Cient\u00edfica Nacional de Derecho M\u00e9dico. La edici\u00f3n de este a\u00f1o, titulada \u00abDerecho y Medicina contra las enfermedades infecciosas\u00bb, se realizar\u00e1 el 4 de diciembre de 2020 a las 9:00 en la Plataforma Zoom.<\/strong><\/p>\n<p>Adem\u00e1s, la transmisi\u00f3n de la conferencia se realizar\u00e1 mediante redes sociales ELSA Rzesz\u00f3w. El objetivo del evento es divulgar el conocimiento sobre derecho m\u00e9dico entre los estudiantes y aumentar la conciencia p\u00fablica sobre las amenazas epidemiol\u00f3gicas.<\/p>\n<p>La conferencia constar\u00e1 de un panel de discusi\u00f3n y dos paneles de expertos: \u00abMedicina y \u00e9tica y enfermedades infecciosas\u00bb y \u00abAspectos legales, psicol\u00f3gicos y sociales de las enfermedades infecciosas\u00bb.<\/p>\n<p>M\u00e1s:<br \/>\n<a href=\"https:\/\/cutt.ly\/yhaUV2s\">https:\/\/cutt.ly\/yhaUV2s<\/a><\/p>\n","protected":false},"excerpt":{"rendered":"<p>La Asociaci\u00f3n Europea de Estudiantes de Derecho ELSA Rzesz\u00f3w organiza la V Conferencia Cient\u00edfica Nacional de Derecho M\u00e9dico. La edici\u00f3n de este a\u00f1o, titulada \u00abDerecho y Medicina contra las enfermedades infecciosas\u00bb, se realizar\u00e1 el 4 de diciembre de 2020 a las 9:00 en la Plataforma Zoom. Adem\u00e1s, la transmisi\u00f3n de la conferencia se realizar\u00e1 mediante [&hellip;]<\/p>\n","protected":false},"author":6,"featured_media":0,"comment_status":"closed","ping_status":"closed","sticky":false,"template":"","format":"standard","meta":[],"categories":[81,79],"tags":[],"_links":{"self":[{"href":"https:\/\/www.polishscience.pl\/es\/wp-json\/wp\/v2\/posts\/156263"}],"collection":[{"href":"https:\/\/www.polishscience.pl\/es\/wp-json\/wp\/v2\/posts"}],"about":[{"href":"https:\/\/www.polishscience.pl\/es\/wp-json\/wp\/v2\/types\/post"}],"author":[{"embeddable":true,"href":"https:\/\/www.polishscience.pl\/es\/wp-json\/wp\/v2\/users\/6"}],"replies":[{"embeddable":true,"href":"https:\/\/www.polishscience.pl\/es\/wp-json\/wp\/v2\/comments?post=156263"}],"version-history":[{"count":0,"href":"https:\/\/www.polishscience.pl\/es\/wp-json\/wp\/v2\/posts\/156263\/revisions"}],"wp:attachment":[{"href":"https:\/\/www.polishscience.pl\/es\/wp-json\/wp\/v2\/media?parent=156263"}],"wp:term":[{"taxonomy":"category","embeddable":true,"href":"https:\/\/www.polishscience.pl\/es\/wp-json\/wp\/v2\/categories?post=156263"},{"taxonomy":"post_tag","embeddable":true,"href":"https:\/\/www.polishscience.pl\/es\/wp-json\/wp\/v2\/tags?post=156263"}],"curies":[{"name":"wp","href":"https:\/\/api.w.org\/{rel}","templated":true}]}}