{"id":155501,"date":"2020-11-24T14:41:29","date_gmt":"2020-11-24T13:41:29","guid":{"rendered":"https:\/\/polishscience.pl\/?p=155501"},"modified":"2020-11-24T14:42:06","modified_gmt":"2020-11-24T13:42:06","slug":"jornadas-de-informatica-en-lodz","status":"publish","type":"post","link":"https:\/\/www.polishscience.pl\/es\/jornadas-de-informatica-en-lodz\/","title":{"rendered":"Jornadas de Inform\u00e1tica en \u0141\u00f3d\u017a"},"content":{"rendered":"<p><strong>Este a\u00f1o Jornadas de Inform\u00e1tica en \u0141\u00f3d\u017a se desarrollar\u00e1n a cabo del 24 al 27 de noviembre. El evento va dirigido a estudiantes de secundaria y universitarios, as\u00ed como a profesionales de la industria.<\/strong><\/p>\n<p>Estudiantes, profesionales y entusiastas pueden participar en conferencias y talleres tanto sobre gesti\u00f3n de TI como sobre temas \u00abdif\u00edciles\u00bb. La agenda incluy\u00f3 talleres y conferencias como \u00ab\u00bfC\u00f3mo se gestiona un proyecto de TI en una corporaci\u00f3n?\u00bb, \u00abAmenazas online: c\u00f3mo evitar un ataque\u00bb o \u00ab<span class=\"VIiyi\" lang=\"es\"><span class=\"JLqJ4b ChMk0b\" data-language-for-alternatives=\"es\" data-language-to-translate-into=\"auto\" data-phrase-index=\"0\">Corre sin lesiones<\/span><\/span> con uso de inteligencia artificial: la aplicaci\u00f3n pr\u00e1ctica del Machine Learning\u00bb.<\/p>\n<p>Este es el evento m\u00e1s grande de la regi\u00f3n dedicado a las tecnolog\u00edas de la informaci\u00f3n y las telecomunicaciones. Este a\u00f1o se realizar\u00e1 de forma virtual.<\/p>\n<p>M\u00e1s:<br \/>\n<a href=\"http:\/\/www.lodzkiedniinformatyki.pl\">www.lodzkiedniinformatyki.pl\u00a0<\/a><\/p>\n","protected":false},"excerpt":{"rendered":"<p>Este a\u00f1o Jornadas de Inform\u00e1tica en \u0141\u00f3d\u017a se desarrollar\u00e1n a cabo del 24 al 27 de noviembre. El evento va dirigido a estudiantes de secundaria y universitarios, as\u00ed como a profesionales de la industria. Estudiantes, profesionales y entusiastas pueden participar en conferencias y talleres tanto sobre gesti\u00f3n de TI como sobre temas \u00abdif\u00edciles\u00bb. La agenda [&hellip;]<\/p>\n","protected":false},"author":6,"featured_media":0,"comment_status":"closed","ping_status":"closed","sticky":false,"template":"","format":"standard","meta":[],"categories":[74,81],"tags":[],"_links":{"self":[{"href":"https:\/\/www.polishscience.pl\/es\/wp-json\/wp\/v2\/posts\/155501"}],"collection":[{"href":"https:\/\/www.polishscience.pl\/es\/wp-json\/wp\/v2\/posts"}],"about":[{"href":"https:\/\/www.polishscience.pl\/es\/wp-json\/wp\/v2\/types\/post"}],"author":[{"embeddable":true,"href":"https:\/\/www.polishscience.pl\/es\/wp-json\/wp\/v2\/users\/6"}],"replies":[{"embeddable":true,"href":"https:\/\/www.polishscience.pl\/es\/wp-json\/wp\/v2\/comments?post=155501"}],"version-history":[{"count":0,"href":"https:\/\/www.polishscience.pl\/es\/wp-json\/wp\/v2\/posts\/155501\/revisions"}],"wp:attachment":[{"href":"https:\/\/www.polishscience.pl\/es\/wp-json\/wp\/v2\/media?parent=155501"}],"wp:term":[{"taxonomy":"category","embeddable":true,"href":"https:\/\/www.polishscience.pl\/es\/wp-json\/wp\/v2\/categories?post=155501"},{"taxonomy":"post_tag","embeddable":true,"href":"https:\/\/www.polishscience.pl\/es\/wp-json\/wp\/v2\/tags?post=155501"}],"curies":[{"name":"wp","href":"https:\/\/api.w.org\/{rel}","templated":true}]}}