{"id":155267,"date":"2020-11-23T13:06:49","date_gmt":"2020-11-23T12:06:49","guid":{"rendered":"https:\/\/polishscience.pl\/?p=155267"},"modified":"2020-11-23T15:08:57","modified_gmt":"2020-11-23T14:08:57","slug":"conferencia-de-ministros-de-educacion-superior-eees","status":"publish","type":"post","link":"https:\/\/www.polishscience.pl\/es\/conferencia-de-ministros-de-educacion-superior-eees\/","title":{"rendered":"Conferencia de Ministros de Educaci\u00f3n Superior EEES"},"content":{"rendered":"<p><strong>La libertad acad\u00e9mica, el fortalecimiento de la dimensi\u00f3n social en la educaci\u00f3n superior y la mejora del proceso de ense\u00f1anza y aprendizaje fueron los principales temas tratados en la Conferencia de Ministros de Educaci\u00f3n Superior de los pa\u00edses del Espacio Europeo de Educaci\u00f3n Superior (EEES), celebrada en l\u00ednea en Roma. A la reuni\u00f3n asistieron el ministro Przemys\u0142aw Czarnek y la viceministra Anna Budzanowska.<\/strong><\/p>\n<p>\u201cLa educaci\u00f3n superior es un espacio importante para moldear la personalidad de un joven en distintas dimensiones. No solo para adquirir las cualificaciones necesarias en el mercado laboral, sino sobre todo para vivir en sociedad, asumir la responsabilidad y crear las condiciones para un desarrollo integral en ella\u201d, constat\u00f3 Przemys\u0142aw Czarnek durante el evento.<\/p>\n<p>El ministro tambi\u00e9n destac\u00f3 el papel de las universidades en el proceso de transferencia de valores y actitudes docentes abiertas a la verdad y al bien.<\/p>\n<p>Discurso del ministro Czarnek:<br \/>\n<a href=\"https:\/\/youtu.be\/DvO__XE438g\">https:\/\/youtu.be\/DvO__XE438g<\/a><\/p>\n","protected":false},"excerpt":{"rendered":"<p>La libertad acad\u00e9mica, el fortalecimiento de la dimensi\u00f3n social en la educaci\u00f3n superior y la mejora del proceso de ense\u00f1anza y aprendizaje fueron los principales temas tratados en la Conferencia de Ministros de Educaci\u00f3n Superior de los pa\u00edses del Espacio Europeo de Educaci\u00f3n Superior (EEES), celebrada en l\u00ednea en Roma. A la reuni\u00f3n asistieron el [&hellip;]<\/p>\n","protected":false},"author":6,"featured_media":0,"comment_status":"closed","ping_status":"closed","sticky":false,"template":"","format":"standard","meta":[],"categories":[75],"tags":[],"_links":{"self":[{"href":"https:\/\/www.polishscience.pl\/es\/wp-json\/wp\/v2\/posts\/155267"}],"collection":[{"href":"https:\/\/www.polishscience.pl\/es\/wp-json\/wp\/v2\/posts"}],"about":[{"href":"https:\/\/www.polishscience.pl\/es\/wp-json\/wp\/v2\/types\/post"}],"author":[{"embeddable":true,"href":"https:\/\/www.polishscience.pl\/es\/wp-json\/wp\/v2\/users\/6"}],"replies":[{"embeddable":true,"href":"https:\/\/www.polishscience.pl\/es\/wp-json\/wp\/v2\/comments?post=155267"}],"version-history":[{"count":0,"href":"https:\/\/www.polishscience.pl\/es\/wp-json\/wp\/v2\/posts\/155267\/revisions"}],"wp:attachment":[{"href":"https:\/\/www.polishscience.pl\/es\/wp-json\/wp\/v2\/media?parent=155267"}],"wp:term":[{"taxonomy":"category","embeddable":true,"href":"https:\/\/www.polishscience.pl\/es\/wp-json\/wp\/v2\/categories?post=155267"},{"taxonomy":"post_tag","embeddable":true,"href":"https:\/\/www.polishscience.pl\/es\/wp-json\/wp\/v2\/tags?post=155267"}],"curies":[{"name":"wp","href":"https:\/\/api.w.org\/{rel}","templated":true}]}}