{"id":154873,"date":"2020-11-19T13:29:25","date_gmt":"2020-11-19T12:29:25","guid":{"rendered":"https:\/\/polishscience.pl\/?p=154873"},"modified":"2020-11-19T15:32:10","modified_gmt":"2020-11-19T14:32:10","slug":"conferencia-academica-internacional-sobre-discursos-politicos-en-polonia-y-la-republica-checa-despues-de-1989","status":"publish","type":"post","link":"https:\/\/www.polishscience.pl\/es\/conferencia-academica-internacional-sobre-discursos-politicos-en-polonia-y-la-republica-checa-despues-de-1989\/","title":{"rendered":"Conferencia acad\u00e9mica internacional sobre discursos pol\u00edticos en Polonia y la Rep\u00fablica Checa despu\u00e9s de 1989"},"content":{"rendered":"<p><strong>El Laboratorio de Ret\u00f3rica Aplicada de la Facultad de Estudios Polacos de la Universidad de Varsovia y el Departamento de Estudios Centroeuropeos de la Facultad de Filosof\u00eda de la Universidad Charles de Praga organizan una conferencia cient\u00edfica internacional titulada \u201cDiscursos pol\u00edticos en Polonia y Rep\u00fablica Checa despu\u00e9s de 1989: g\u00e9neros, estrategias de comunicaci\u00f3n, im\u00e1genes medi\u00e1ticas\u201d, que se desarrollar\u00e1 del 23 al 24 de noviembre de 2020.<\/strong><\/p>\n<p>El objetivo de la conferencia online es discutir temas relacionados con la comunicaci\u00f3n pol\u00edtica en Polonia y la Rep\u00fablica Checa, identificar diferencias y similitudes en las costumbres preelectorales de los entornos pol\u00edticos y medi\u00e1ticos en ambos pa\u00edses, as\u00ed como llamar la atenci\u00f3n sobre las similitudes y diferencias en la forma en que los ciudadanos participan en los procesos de toma de decisiones y las caracter\u00edsticas de la comunicaci\u00f3n entre los pol\u00edticos y los ciudadanos.<\/p>\n<p>Como enfatizaron los organizadores, unos de los temas m\u00e1s interesante son los g\u00e9neros de la comunicaci\u00f3n p\u00fablica, las im\u00e1genes medi\u00e1ticas de los pol\u00edticos y las estrategias de comunicaci\u00f3n durante m\u00e1s de treinta a\u00f1os de transformaciones democr\u00e1ticas.<\/p>\n","protected":false},"excerpt":{"rendered":"<p>El Laboratorio de Ret\u00f3rica Aplicada de la Facultad de Estudios Polacos de la Universidad de Varsovia y el Departamento de Estudios Centroeuropeos de la Facultad de Filosof\u00eda de la Universidad Charles de Praga organizan una conferencia cient\u00edfica internacional titulada \u201cDiscursos pol\u00edticos en Polonia y Rep\u00fablica Checa despu\u00e9s de 1989: g\u00e9neros, estrategias de comunicaci\u00f3n, im\u00e1genes medi\u00e1ticas\u201d, [&hellip;]<\/p>\n","protected":false},"author":6,"featured_media":0,"comment_status":"closed","ping_status":"closed","sticky":false,"template":"","format":"standard","meta":[],"categories":[81,77],"tags":[],"_links":{"self":[{"href":"https:\/\/www.polishscience.pl\/es\/wp-json\/wp\/v2\/posts\/154873"}],"collection":[{"href":"https:\/\/www.polishscience.pl\/es\/wp-json\/wp\/v2\/posts"}],"about":[{"href":"https:\/\/www.polishscience.pl\/es\/wp-json\/wp\/v2\/types\/post"}],"author":[{"embeddable":true,"href":"https:\/\/www.polishscience.pl\/es\/wp-json\/wp\/v2\/users\/6"}],"replies":[{"embeddable":true,"href":"https:\/\/www.polishscience.pl\/es\/wp-json\/wp\/v2\/comments?post=154873"}],"version-history":[{"count":0,"href":"https:\/\/www.polishscience.pl\/es\/wp-json\/wp\/v2\/posts\/154873\/revisions"}],"wp:attachment":[{"href":"https:\/\/www.polishscience.pl\/es\/wp-json\/wp\/v2\/media?parent=154873"}],"wp:term":[{"taxonomy":"category","embeddable":true,"href":"https:\/\/www.polishscience.pl\/es\/wp-json\/wp\/v2\/categories?post=154873"},{"taxonomy":"post_tag","embeddable":true,"href":"https:\/\/www.polishscience.pl\/es\/wp-json\/wp\/v2\/tags?post=154873"}],"curies":[{"name":"wp","href":"https:\/\/api.w.org\/{rel}","templated":true}]}}