{"id":153492,"date":"2020-11-10T15:42:29","date_gmt":"2020-11-10T14:42:29","guid":{"rendered":"https:\/\/polishscience.pl\/?p=153492"},"modified":"2023-05-08T10:42:00","modified_gmt":"2023-05-08T08:42:00","slug":"la-prof-a-iwona-a-ndiaye-recibio-el-premio-de-la-embajada-de-senegal-en-polonia","status":"publish","type":"post","link":"https:\/\/www.polishscience.pl\/es\/la-prof-a-iwona-a-ndiaye-recibio-el-premio-de-la-embajada-de-senegal-en-polonia\/","title":{"rendered":"La Prof.\u00aa Iwona A. Ndiaye recibi\u00f3 el premio de la Embajada de Senegal en Polonia"},"content":{"rendered":"<p><strong>La Prof.\u00aa Iwona A. Ndiaye del Instituto de Literatura de la Universidad de Varmia y Masuria (UWM) en Olsztyn recibi\u00f3 el premio de la Embajada de Senegal en Polonia por su compromiso con la divulgaci\u00f3n del conocimiento sobre \u00c1frica y las publicaciones cient\u00edficas sobre Senegal.<\/strong><\/p>\n<p>Seg\u00fan la UWM, en su trabajo de investigaci\u00f3n, la Prof.\u00aa. Iwona A. Ndiaye presta gran atenci\u00f3n a los problemas africanos y la literatura africana desde la perspectiva de g\u00e9nero. Es autora de numerosas publicaciones cient\u00edficas.<\/p>\n<p>En 2013 organiz\u00f3 un concurso nacional para la traducci\u00f3n de poes\u00eda feminina africana en lengua francesa, cuyo resultado fue la antolog\u00eda biling\u00fce \u201cJe suis la femme-Afrique\u201d. En los a\u00f1os 2007-2019 estuvo activa en la Sociedad de \u00c1frica. Desde 2012, ha sido miembra de la junta de programas de la Fundaci\u00f3n Afryka Inaczej, trabajando para el desarrollo de las relaciones entre los pa\u00edses africanos y Polonia y otros pa\u00edses de la Uni\u00f3n Europea.<\/p>\n","protected":false},"excerpt":{"rendered":"<p>La Prof.\u00aa Iwona A. Ndiaye del Instituto de Literatura de la Universidad de Varmia y Masuria (UWM) en Olsztyn recibi\u00f3 el premio de la Embajada de Senegal en Polonia por su compromiso con la divulgaci\u00f3n del conocimiento sobre \u00c1frica y las publicaciones cient\u00edficas sobre Senegal. Seg\u00fan la UWM, en su trabajo de investigaci\u00f3n, la Prof.\u00aa. [&hellip;]<\/p>\n","protected":false},"author":6,"featured_media":0,"comment_status":"closed","ping_status":"closed","sticky":false,"template":"","format":"standard","meta":[],"categories":[77],"tags":[],"_links":{"self":[{"href":"https:\/\/www.polishscience.pl\/es\/wp-json\/wp\/v2\/posts\/153492"}],"collection":[{"href":"https:\/\/www.polishscience.pl\/es\/wp-json\/wp\/v2\/posts"}],"about":[{"href":"https:\/\/www.polishscience.pl\/es\/wp-json\/wp\/v2\/types\/post"}],"author":[{"embeddable":true,"href":"https:\/\/www.polishscience.pl\/es\/wp-json\/wp\/v2\/users\/6"}],"replies":[{"embeddable":true,"href":"https:\/\/www.polishscience.pl\/es\/wp-json\/wp\/v2\/comments?post=153492"}],"version-history":[{"count":2,"href":"https:\/\/www.polishscience.pl\/es\/wp-json\/wp\/v2\/posts\/153492\/revisions"}],"predecessor-version":[{"id":281639,"href":"https:\/\/www.polishscience.pl\/es\/wp-json\/wp\/v2\/posts\/153492\/revisions\/281639"}],"wp:attachment":[{"href":"https:\/\/www.polishscience.pl\/es\/wp-json\/wp\/v2\/media?parent=153492"}],"wp:term":[{"taxonomy":"category","embeddable":true,"href":"https:\/\/www.polishscience.pl\/es\/wp-json\/wp\/v2\/categories?post=153492"},{"taxonomy":"post_tag","embeddable":true,"href":"https:\/\/www.polishscience.pl\/es\/wp-json\/wp\/v2\/tags?post=153492"}],"curies":[{"name":"wp","href":"https:\/\/api.w.org\/{rel}","templated":true}]}}