{"id":152468,"date":"2020-11-03T13:34:03","date_gmt":"2020-11-03T12:34:03","guid":{"rendered":"https:\/\/polishscience.pl\/?p=152468"},"modified":"2020-11-03T18:38:55","modified_gmt":"2020-11-03T17:38:55","slug":"llamamiento-de-las-universidades-catolicas","status":"publish","type":"post","link":"https:\/\/www.polishscience.pl\/es\/llamamiento-de-las-universidades-catolicas\/","title":{"rendered":"LLamamiento de las universidades cat\u00f3licas"},"content":{"rendered":"<p><strong>\u201cLa protecci\u00f3n de la vida humana desde la concepci\u00f3n hasta la muerte natural no es una ideolog\u00eda, cuesti\u00f3n de pol\u00edtica o cosmovisi\u00f3n, sino la base de nuestra civilizaci\u00f3n e identidad\u201d, enfatizan en un llamamiento conjunto el Colegio de Rectores de la Universidad Cat\u00f3lica de Lublin (KUL) y la Universidad Pontificia Juan Pablo II en Cracovia.<\/strong><\/p>\n<p>Los Colegios de Rectores de estas universidades cat\u00f3licas destacan que ante la situaci\u00f3n actual en Polonia con respecto al tema del aborto, quieren recordar que \u00abel derecho a la vida es un derecho fundamental de todo ser humano, tambi\u00e9n en la etapa prenatal\u00bb.<\/p>\n<p>Hacemos un llamado a todas las partes del di\u00e1logo social para que hablen y se den cuenta de la responsabilidad de la situaci\u00f3n en la que nos encontramos. Un elemento indispensable de tal di\u00e1logo es el respeto mutuo de todas las partes, encaminado a desarrollar m\u00e9todos para resolver el conflicto que ha surgido, en primer lugar, buscando la verdad, leemos en el llamamiento.<\/p>\n","protected":false},"excerpt":{"rendered":"<p>\u201cLa protecci\u00f3n de la vida humana desde la concepci\u00f3n hasta la muerte natural no es una ideolog\u00eda, cuesti\u00f3n de pol\u00edtica o cosmovisi\u00f3n, sino la base de nuestra civilizaci\u00f3n e identidad\u201d, enfatizan en un llamamiento conjunto el Colegio de Rectores de la Universidad Cat\u00f3lica de Lublin (KUL) y la Universidad Pontificia Juan Pablo II en Cracovia. [&hellip;]<\/p>\n","protected":false},"author":6,"featured_media":0,"comment_status":"closed","ping_status":"closed","sticky":false,"template":"","format":"standard","meta":[],"categories":[81],"tags":[],"_links":{"self":[{"href":"https:\/\/www.polishscience.pl\/es\/wp-json\/wp\/v2\/posts\/152468"}],"collection":[{"href":"https:\/\/www.polishscience.pl\/es\/wp-json\/wp\/v2\/posts"}],"about":[{"href":"https:\/\/www.polishscience.pl\/es\/wp-json\/wp\/v2\/types\/post"}],"author":[{"embeddable":true,"href":"https:\/\/www.polishscience.pl\/es\/wp-json\/wp\/v2\/users\/6"}],"replies":[{"embeddable":true,"href":"https:\/\/www.polishscience.pl\/es\/wp-json\/wp\/v2\/comments?post=152468"}],"version-history":[{"count":0,"href":"https:\/\/www.polishscience.pl\/es\/wp-json\/wp\/v2\/posts\/152468\/revisions"}],"wp:attachment":[{"href":"https:\/\/www.polishscience.pl\/es\/wp-json\/wp\/v2\/media?parent=152468"}],"wp:term":[{"taxonomy":"category","embeddable":true,"href":"https:\/\/www.polishscience.pl\/es\/wp-json\/wp\/v2\/categories?post=152468"},{"taxonomy":"post_tag","embeddable":true,"href":"https:\/\/www.polishscience.pl\/es\/wp-json\/wp\/v2\/tags?post=152468"}],"curies":[{"name":"wp","href":"https:\/\/api.w.org\/{rel}","templated":true}]}}