{"id":150821,"date":"2020-10-21T15:28:21","date_gmt":"2020-10-21T13:28:21","guid":{"rendered":"https:\/\/polishscience.pl\/?p=150821"},"modified":"2020-10-21T17:30:59","modified_gmt":"2020-10-21T15:30:59","slug":"una-investigadora-de-la-universidad-adam-mickiewicz-de-poznan-ganadora-del-premio-edith-stein","status":"publish","type":"post","link":"https:\/\/www.polishscience.pl\/es\/una-investigadora-de-la-universidad-adam-mickiewicz-de-poznan-ganadora-del-premio-edith-stein\/","title":{"rendered":"Una investigadora de la Universidad Adam Mickiewicz de Pozna\u0144, ganadora del Premio Edith Stein"},"content":{"rendered":"<p><strong>La Prof.\u00aa Anna Grzegorczyk de la Facultad de Antropolog\u00eda y Estudios Culturales de la Universidad Adam Mickiewicz de Pozna\u0144, directora del Centro de Investigaci\u00f3n Universitaria Edith Stein, fue honrada con el Premio Edith Stein.<\/strong><\/p>\n<p>El premio es otorgado por el Cap\u00edtulo de la Sociedad Edith Stein y la Directora del Centro Memoria y Futuro (en 2019 y 2020). La Prof.\u00aa\u00a0 Grzegorczyk lo recibi\u00f3 por cocrear el Centro de Investigaci\u00f3n en Pozna\u0144, por muchos a\u00f1os de actividad cient\u00edfica y de investigaci\u00f3n dedicados a la vida y obra Edith Stein, de nombre religioso Teresa Benedicta de la Cruz en Polonia y en el extranjero, adem\u00e1s de popularizar su herencia espiritual, compilando y editando numerosas publicaciones.<\/p>\n<p>La Sociedad estableci\u00f3 esta distinci\u00f3n con el fin de profundizar, comprender y popularizar la rica herencia espiritual de Edith Stein, fil\u00f3sofa, m\u00edstica, religiosa carmelita descalza, m\u00e1rtir y santa alemana de origen jud\u00edo., proclamada copatrona de Europa por el Papa Juan Pablo II.<\/p>\n","protected":false},"excerpt":{"rendered":"<p>La Prof.\u00aa Anna Grzegorczyk de la Facultad de Antropolog\u00eda y Estudios Culturales de la Universidad Adam Mickiewicz de Pozna\u0144, directora del Centro de Investigaci\u00f3n Universitaria Edith Stein, fue honrada con el Premio Edith Stein. El premio es otorgado por el Cap\u00edtulo de la Sociedad Edith Stein y la Directora del Centro Memoria y Futuro (en [&hellip;]<\/p>\n","protected":false},"author":6,"featured_media":0,"comment_status":"closed","ping_status":"closed","sticky":false,"template":"","format":"standard","meta":[],"categories":[81],"tags":[],"_links":{"self":[{"href":"https:\/\/www.polishscience.pl\/es\/wp-json\/wp\/v2\/posts\/150821"}],"collection":[{"href":"https:\/\/www.polishscience.pl\/es\/wp-json\/wp\/v2\/posts"}],"about":[{"href":"https:\/\/www.polishscience.pl\/es\/wp-json\/wp\/v2\/types\/post"}],"author":[{"embeddable":true,"href":"https:\/\/www.polishscience.pl\/es\/wp-json\/wp\/v2\/users\/6"}],"replies":[{"embeddable":true,"href":"https:\/\/www.polishscience.pl\/es\/wp-json\/wp\/v2\/comments?post=150821"}],"version-history":[{"count":0,"href":"https:\/\/www.polishscience.pl\/es\/wp-json\/wp\/v2\/posts\/150821\/revisions"}],"wp:attachment":[{"href":"https:\/\/www.polishscience.pl\/es\/wp-json\/wp\/v2\/media?parent=150821"}],"wp:term":[{"taxonomy":"category","embeddable":true,"href":"https:\/\/www.polishscience.pl\/es\/wp-json\/wp\/v2\/categories?post=150821"},{"taxonomy":"post_tag","embeddable":true,"href":"https:\/\/www.polishscience.pl\/es\/wp-json\/wp\/v2\/tags?post=150821"}],"curies":[{"name":"wp","href":"https:\/\/api.w.org\/{rel}","templated":true}]}}