{"id":150803,"date":"2020-10-21T13:43:25","date_gmt":"2020-10-21T11:43:25","guid":{"rendered":"https:\/\/polishscience.pl\/?p=150803"},"modified":"2020-10-21T16:47:01","modified_gmt":"2020-10-21T14:47:01","slug":"przemyslaw-czarnek-fue-nombrado-oficialmente-ministro-de-educacion-y-ciencia","status":"publish","type":"post","link":"https:\/\/www.polishscience.pl\/es\/przemyslaw-czarnek-fue-nombrado-oficialmente-ministro-de-educacion-y-ciencia\/","title":{"rendered":"Przemys\u0142aw Czarnek fue nombrado oficialmente ministro de Educaci\u00f3n y Ciencia."},"content":{"rendered":"<p><strong>\u201cLe felicito por su nombramiento y le agradezco por asumir esta dif\u00edcil tarea. Estos son dos ministerios extremadamente importantes que despiertan muchas emociones, porque cada uno se refiere a la educaci\u00f3n de los j\u00f3venes\u00bb, dijo el presidente de Polonia, Andrzej Duda, entregando la carta de nombramiento a Przemys\u0142aw Czarnek.<\/strong><\/p>\n<p>La fusi\u00f3n del Ministerio de Ciencia y Educaci\u00f3n Superior y el Ministerio de Educaci\u00f3n es el resultado de cambios en la estructura del gobierno, de los que inform\u00f3 el 30 de septiembre el primer ministro de Polonia, Mateusz Morawiecki.<\/p>\n<p>El nuevo director del Ministerio de Educaci\u00f3n y Ciencia es abogado, doctor habilitado en ciencias jur\u00eddicas, profesor de la Universidad Cat\u00f3lica de Lublin (KUL). En 2006, en la Universidad Cat\u00f3lica de Lublin, defendi\u00f3 su tesis doctoral titulada \u201cPrincipios del estado de derecho y la justicia social en la pr\u00e1ctica sist\u00e9mica de la Tercera Rep\u00fablica de Polonia\u201d. Hace cinco a\u00f1os, basado en los logros cient\u00edficos y el trabajo titulado \u201cLibertad econ\u00f3mica. El primer pilar de la econom\u00eda social de mercado\u201d obtuvo el t\u00edtulo de doctor habilitado. En 2020, se convirti\u00f3 en profesor de la Universidad Cat\u00f3lica de Lublin. Se especializa en cuestiones relacionados con el derecho constitucional.<\/p>\n","protected":false},"excerpt":{"rendered":"<p>\u201cLe felicito por su nombramiento y le agradezco por asumir esta dif\u00edcil tarea. Estos son dos ministerios extremadamente importantes que despiertan muchas emociones, porque cada uno se refiere a la educaci\u00f3n de los j\u00f3venes\u00bb, dijo el presidente de Polonia, Andrzej Duda, entregando la carta de nombramiento a Przemys\u0142aw Czarnek. La fusi\u00f3n del Ministerio de Ciencia [&hellip;]<\/p>\n","protected":false},"author":6,"featured_media":0,"comment_status":"closed","ping_status":"closed","sticky":false,"template":"","format":"standard","meta":[],"categories":[75],"tags":[],"_links":{"self":[{"href":"https:\/\/www.polishscience.pl\/es\/wp-json\/wp\/v2\/posts\/150803"}],"collection":[{"href":"https:\/\/www.polishscience.pl\/es\/wp-json\/wp\/v2\/posts"}],"about":[{"href":"https:\/\/www.polishscience.pl\/es\/wp-json\/wp\/v2\/types\/post"}],"author":[{"embeddable":true,"href":"https:\/\/www.polishscience.pl\/es\/wp-json\/wp\/v2\/users\/6"}],"replies":[{"embeddable":true,"href":"https:\/\/www.polishscience.pl\/es\/wp-json\/wp\/v2\/comments?post=150803"}],"version-history":[{"count":0,"href":"https:\/\/www.polishscience.pl\/es\/wp-json\/wp\/v2\/posts\/150803\/revisions"}],"wp:attachment":[{"href":"https:\/\/www.polishscience.pl\/es\/wp-json\/wp\/v2\/media?parent=150803"}],"wp:term":[{"taxonomy":"category","embeddable":true,"href":"https:\/\/www.polishscience.pl\/es\/wp-json\/wp\/v2\/categories?post=150803"},{"taxonomy":"post_tag","embeddable":true,"href":"https:\/\/www.polishscience.pl\/es\/wp-json\/wp\/v2\/tags?post=150803"}],"curies":[{"name":"wp","href":"https:\/\/api.w.org\/{rel}","templated":true}]}}