{"id":150298,"date":"2020-10-16T19:37:28","date_gmt":"2020-10-16T17:37:28","guid":{"rendered":"https:\/\/polishscience.pl\/?p=150298"},"modified":"2020-10-19T16:42:50","modified_gmt":"2020-10-19T14:42:50","slug":"la-universidad-cardenal-stefan-wyszynski-de-varsovia-anuncia-la-creacion-de-la-academia-de-diaspora-polaca","status":"publish","type":"post","link":"https:\/\/www.polishscience.pl\/es\/la-universidad-cardenal-stefan-wyszynski-de-varsovia-anuncia-la-creacion-de-la-academia-de-diaspora-polaca\/","title":{"rendered":"La Universidad Cardenal Stefan Wyszy\u0144ski de Varsovia anuncia la creaci\u00f3n de la Academia Polaca"},"content":{"rendered":"<p><strong>Durante la inauguraci\u00f3n del curso 2020\/2021, la Universidad Cardenal Stefan Wyszy\u0144ski (UKSW) en Varsovia estableci\u00f3 la Fundaci\u00f3n Pro Polonia, cuyo objetivo es fortalecer la cooperaci\u00f3n con la di\u00e1spora polaca y los polacos que viven en el extranjero. Una de las primeras tareas de la Fundaci\u00f3n y la UKSW es establecer la Academia Polaca.<\/strong><\/p>\n<p>\u00abQueremos desarrollar una amplia cooperaci\u00f3n entre la di\u00e1spora polaca y los polacos que viven en el extranjero en el \u00e1mbito educativo, cultural, religioso, econ\u00f3mico, deportivo y tur\u00edstico. Apoyaremos la integraci\u00f3n de las comunidades polacas en el extranjero, as\u00ed como los contactos bilaterales: entre la sociedad polaca, principalmente los j\u00f3venes, el mundo acad\u00e9mico y la comunidad polaca y los polacos que viven en el extranjero\u00bb, dijo el rector de la UKSW, el Prof. Ryszard Czekalski, uno de los fundadores de la Fundaci\u00f3n Pro Polonia.<\/p>\n<p>El rector de la UKSW declar\u00f3 que el establecimiento de la Academia es una tarea estrat\u00e9gica para la Fundaci\u00f3n y la Universidad. Su establecimiento ser\u00e1 posible gracias a la comprensi\u00f3n y el apoyo de las autoridades polacas, agreg\u00f3 el Prof. Czekalski y se\u00f1al\u00f3 que el enorme potencial intelectual de la UKSW pod\u00eda apoyar significativamente a los polacos repartidos por todo el mundo.<\/p>\n","protected":false},"excerpt":{"rendered":"<p>Durante la inauguraci\u00f3n del curso 2020\/2021, la Universidad Cardenal Stefan Wyszy\u0144ski (UKSW) en Varsovia estableci\u00f3 la Fundaci\u00f3n Pro Polonia, cuyo objetivo es fortalecer la cooperaci\u00f3n con la di\u00e1spora polaca y los polacos que viven en el extranjero. Una de las primeras tareas de la Fundaci\u00f3n y la UKSW es establecer la Academia Polaca. \u00abQueremos desarrollar [&hellip;]<\/p>\n","protected":false},"author":6,"featured_media":0,"comment_status":"closed","ping_status":"closed","sticky":false,"template":"","format":"standard","meta":[],"categories":[75],"tags":[],"_links":{"self":[{"href":"https:\/\/www.polishscience.pl\/es\/wp-json\/wp\/v2\/posts\/150298"}],"collection":[{"href":"https:\/\/www.polishscience.pl\/es\/wp-json\/wp\/v2\/posts"}],"about":[{"href":"https:\/\/www.polishscience.pl\/es\/wp-json\/wp\/v2\/types\/post"}],"author":[{"embeddable":true,"href":"https:\/\/www.polishscience.pl\/es\/wp-json\/wp\/v2\/users\/6"}],"replies":[{"embeddable":true,"href":"https:\/\/www.polishscience.pl\/es\/wp-json\/wp\/v2\/comments?post=150298"}],"version-history":[{"count":0,"href":"https:\/\/www.polishscience.pl\/es\/wp-json\/wp\/v2\/posts\/150298\/revisions"}],"wp:attachment":[{"href":"https:\/\/www.polishscience.pl\/es\/wp-json\/wp\/v2\/media?parent=150298"}],"wp:term":[{"taxonomy":"category","embeddable":true,"href":"https:\/\/www.polishscience.pl\/es\/wp-json\/wp\/v2\/categories?post=150298"},{"taxonomy":"post_tag","embeddable":true,"href":"https:\/\/www.polishscience.pl\/es\/wp-json\/wp\/v2\/tags?post=150298"}],"curies":[{"name":"wp","href":"https:\/\/api.w.org\/{rel}","templated":true}]}}