{"id":149647,"date":"2020-10-13T12:36:35","date_gmt":"2020-10-13T10:36:35","guid":{"rendered":"https:\/\/polishscience.pl\/?p=149647"},"modified":"2020-10-13T14:40:24","modified_gmt":"2020-10-13T12:40:24","slug":"en-varsovia-se-establecio-la-academia-catolica","status":"publish","type":"post","link":"https:\/\/www.polishscience.pl\/es\/en-varsovia-se-establecio-la-academia-catolica\/","title":{"rendered":"En Varsovia se estableci\u00f3 la Academia Cat\u00f3lica"},"content":{"rendered":"<p><strong>El 8 de octubre, la Academia Cat\u00f3lica de Varsovia inaugur\u00f3 su primer curso. La instituci\u00f3n, heredera de la Pontificia Facultad de Teolog\u00eda, es un trabajo conjunto de la Arquidi\u00f3cesis de Varsovia y la Provincia Jesuita de Gran Polonia y Mazovia, informa la Agencia Cat\u00f3lica de Informaci\u00f3n.<\/strong><\/p>\n<p>El cardenal Kazimierz Nycz, al anunciar el establecimiento de la Academia, enfatiz\u00f3 que no se trata de solo un cambio del nombre de la instituci\u00f3n, sino un reconocimiento de los logros y la madurez de las estructuras de la Facultad Pontificia de Teolog\u00eda y sus dos secciones, Collegium Joanneum y Collegium Bobolanum. Hasta ahora, han cooperado dentro de una facultad, y ahora cocrean la Academia Cat\u00f3lica.<\/p>\n<p>La nueva universidad contar\u00e1 con tres facultades: teolog\u00eda, artes y ciencias sociales, y en el curso 2020\/2021 cuenta con 1.300 alumnos.<\/p>\n","protected":false},"excerpt":{"rendered":"<p>El 8 de octubre, la Academia Cat\u00f3lica de Varsovia inaugur\u00f3 su primer curso. La instituci\u00f3n, heredera de la Pontificia Facultad de Teolog\u00eda, es un trabajo conjunto de la Arquidi\u00f3cesis de Varsovia y la Provincia Jesuita de Gran Polonia y Mazovia, informa la Agencia Cat\u00f3lica de Informaci\u00f3n. El cardenal Kazimierz Nycz, al anunciar el establecimiento de [&hellip;]<\/p>\n","protected":false},"author":6,"featured_media":0,"comment_status":"closed","ping_status":"closed","sticky":false,"template":"","format":"standard","meta":[],"categories":[75],"tags":[],"_links":{"self":[{"href":"https:\/\/www.polishscience.pl\/es\/wp-json\/wp\/v2\/posts\/149647"}],"collection":[{"href":"https:\/\/www.polishscience.pl\/es\/wp-json\/wp\/v2\/posts"}],"about":[{"href":"https:\/\/www.polishscience.pl\/es\/wp-json\/wp\/v2\/types\/post"}],"author":[{"embeddable":true,"href":"https:\/\/www.polishscience.pl\/es\/wp-json\/wp\/v2\/users\/6"}],"replies":[{"embeddable":true,"href":"https:\/\/www.polishscience.pl\/es\/wp-json\/wp\/v2\/comments?post=149647"}],"version-history":[{"count":0,"href":"https:\/\/www.polishscience.pl\/es\/wp-json\/wp\/v2\/posts\/149647\/revisions"}],"wp:attachment":[{"href":"https:\/\/www.polishscience.pl\/es\/wp-json\/wp\/v2\/media?parent=149647"}],"wp:term":[{"taxonomy":"category","embeddable":true,"href":"https:\/\/www.polishscience.pl\/es\/wp-json\/wp\/v2\/categories?post=149647"},{"taxonomy":"post_tag","embeddable":true,"href":"https:\/\/www.polishscience.pl\/es\/wp-json\/wp\/v2\/tags?post=149647"}],"curies":[{"name":"wp","href":"https:\/\/api.w.org\/{rel}","templated":true}]}}