{"id":148630,"date":"2020-10-06T13:25:26","date_gmt":"2020-10-06T11:25:26","guid":{"rendered":"https:\/\/polishscience.pl\/?p=148630"},"modified":"2020-10-06T15:26:49","modified_gmt":"2020-10-06T13:26:49","slug":"la-universidad-catolica-de-lublin-acoge-el-congreso-de-cultura-cristiana","status":"publish","type":"post","link":"https:\/\/www.polishscience.pl\/es\/la-universidad-catolica-de-lublin-acoge-el-congreso-de-cultura-cristiana\/","title":{"rendered":"La Universidad Cat\u00f3lica de Lublin acoge el Congreso de Cultura Cristiana"},"content":{"rendered":"<p><strong>La Universidad Cat\u00f3lica de Lublin (KUL). Acoger\u00e1 la sexta edici\u00f3n del Congreso de Cultura Cristiana que se desarrollar\u00e1 del 15 al 18 de octubre bajo el lema \u201cEspacios de di\u00e1logo. Inspiraciones cristianas de la cultura del encuentro\u201d. Este es un encuentro de intelectuales y personas de la cultura que se celebra regularmente desde el a\u00f1o 2000.<\/strong><\/p>\n<p>El Congreso consta de conferencias, debates y eventos culturales. La conferencia inaugural estar\u00e1 a cargo del presidente del Pontificio Consejo para la Promoci\u00f3n de la Unidad de los Cristianos, Cardenal Kurt Koch. Su tema ser\u00e1 \u00abInspiraciones cristianas para la cultura del di\u00e1logo y el encuentro\u00bb. Al d\u00eda siguiente recibir\u00e1 el t\u00edtulo de doctor honoris causa de la Universidad Cat\u00f3lica de Lublin y celebrar\u00e1 la Eucarist\u00eda en la Iglesia Acad\u00e9mica. Junto con los representantes de la Iglesia Ortodoxa y el Protestantismo, participar\u00e1 en el panel \u00abIglesias en di\u00e1logo\u00bb.<\/p>\n<p>Tambi\u00e9n habr\u00e1 paneles \u201cEl di\u00e1logo como norma en la vida y doctrina de Juan Pablo II y el cardenal Stefan Wyszy\u0144ski\u201d y \u201cEl mundo despu\u00e9s de la pandemia del coronavirus\u201d y un debate sobre el patrimonio com\u00fan de Oriente y Occidente con la participaci\u00f3n del Arzobispo Tadeusz Kondrusiewicz.<\/p>\n","protected":false},"excerpt":{"rendered":"<p>La Universidad Cat\u00f3lica de Lublin (KUL). Acoger\u00e1 la sexta edici\u00f3n del Congreso de Cultura Cristiana que se desarrollar\u00e1 del 15 al 18 de octubre bajo el lema \u201cEspacios de di\u00e1logo. Inspiraciones cristianas de la cultura del encuentro\u201d. Este es un encuentro de intelectuales y personas de la cultura que se celebra regularmente desde el a\u00f1o [&hellip;]<\/p>\n","protected":false},"author":6,"featured_media":0,"comment_status":"closed","ping_status":"closed","sticky":false,"template":"","format":"standard","meta":[],"categories":[81],"tags":[],"_links":{"self":[{"href":"https:\/\/www.polishscience.pl\/es\/wp-json\/wp\/v2\/posts\/148630"}],"collection":[{"href":"https:\/\/www.polishscience.pl\/es\/wp-json\/wp\/v2\/posts"}],"about":[{"href":"https:\/\/www.polishscience.pl\/es\/wp-json\/wp\/v2\/types\/post"}],"author":[{"embeddable":true,"href":"https:\/\/www.polishscience.pl\/es\/wp-json\/wp\/v2\/users\/6"}],"replies":[{"embeddable":true,"href":"https:\/\/www.polishscience.pl\/es\/wp-json\/wp\/v2\/comments?post=148630"}],"version-history":[{"count":0,"href":"https:\/\/www.polishscience.pl\/es\/wp-json\/wp\/v2\/posts\/148630\/revisions"}],"wp:attachment":[{"href":"https:\/\/www.polishscience.pl\/es\/wp-json\/wp\/v2\/media?parent=148630"}],"wp:term":[{"taxonomy":"category","embeddable":true,"href":"https:\/\/www.polishscience.pl\/es\/wp-json\/wp\/v2\/categories?post=148630"},{"taxonomy":"post_tag","embeddable":true,"href":"https:\/\/www.polishscience.pl\/es\/wp-json\/wp\/v2\/tags?post=148630"}],"curies":[{"name":"wp","href":"https:\/\/api.w.org\/{rel}","templated":true}]}}