{"id":148200,"date":"2020-10-02T15:57:09","date_gmt":"2020-10-02T13:57:09","guid":{"rendered":"https:\/\/polishscience.pl\/?p=148200"},"modified":"2020-10-02T16:02:56","modified_gmt":"2020-10-02T14:02:56","slug":"conferencia-etnografia-transrelacional-cognicion-y-praxis-en-un-mundo-mas-que-humano-en-wroclaw","status":"publish","type":"post","link":"https:\/\/www.polishscience.pl\/es\/conferencia-etnografia-transrelacional-cognicion-y-praxis-en-un-mundo-mas-que-humano-en-wroclaw\/","title":{"rendered":"Wroc\u0142aw acoge la conferencia \u00abEtnograf\u00eda transrelacional. Cognici\u00f3n y praxis en un mundo m\u00e1s que humano\u201d"},"content":{"rendered":"<p><strong>El Departamento de Etnolog\u00eda y Antropolog\u00eda Cultural de la Universidad de Wroc\u0142aw le invita a la conferencia cient\u00edfica \u00abEtnograf\u00eda transrelacional. Cognici\u00f3n y praxis en un mundo m\u00e1s que humano\u201d.<\/strong><\/p>\n<p>La conferencia ser\u00e1 un espacio de discusi\u00f3n y un foro de intercambio de experiencias y reflexiones entre etn\u00f3logos, antrop\u00f3logos, representantes de las ciencias sociales y las nuevas humanidades, bien como representantes de organizaciones e instituciones no gubernamentales relacionadas con la pol\u00edtica clim\u00e1tica y ambiental.<\/p>\n<p>Los organizadores invitan a los investigadores que sujetan a la reflexi\u00f3n cient\u00edfica campos de investigaci\u00f3n constituidos por personas y no humanos, seres materiales, medio ambiente, clima, atm\u00f3sfera, procesos socioculturales, tecnolog\u00edas, con el fin de explicar conexiones e interdependencias de estos dominios.<\/p>\n","protected":false},"excerpt":{"rendered":"<p>El Departamento de Etnolog\u00eda y Antropolog\u00eda Cultural de la Universidad de Wroc\u0142aw le invita a la conferencia cient\u00edfica \u00abEtnograf\u00eda transrelacional. Cognici\u00f3n y praxis en un mundo m\u00e1s que humano\u201d. La conferencia ser\u00e1 un espacio de discusi\u00f3n y un foro de intercambio de experiencias y reflexiones entre etn\u00f3logos, antrop\u00f3logos, representantes de las ciencias sociales y las [&hellip;]<\/p>\n","protected":false},"author":6,"featured_media":0,"comment_status":"closed","ping_status":"closed","sticky":false,"template":"","format":"standard","meta":[],"categories":[81,77],"tags":[],"_links":{"self":[{"href":"https:\/\/www.polishscience.pl\/es\/wp-json\/wp\/v2\/posts\/148200"}],"collection":[{"href":"https:\/\/www.polishscience.pl\/es\/wp-json\/wp\/v2\/posts"}],"about":[{"href":"https:\/\/www.polishscience.pl\/es\/wp-json\/wp\/v2\/types\/post"}],"author":[{"embeddable":true,"href":"https:\/\/www.polishscience.pl\/es\/wp-json\/wp\/v2\/users\/6"}],"replies":[{"embeddable":true,"href":"https:\/\/www.polishscience.pl\/es\/wp-json\/wp\/v2\/comments?post=148200"}],"version-history":[{"count":0,"href":"https:\/\/www.polishscience.pl\/es\/wp-json\/wp\/v2\/posts\/148200\/revisions"}],"wp:attachment":[{"href":"https:\/\/www.polishscience.pl\/es\/wp-json\/wp\/v2\/media?parent=148200"}],"wp:term":[{"taxonomy":"category","embeddable":true,"href":"https:\/\/www.polishscience.pl\/es\/wp-json\/wp\/v2\/categories?post=148200"},{"taxonomy":"post_tag","embeddable":true,"href":"https:\/\/www.polishscience.pl\/es\/wp-json\/wp\/v2\/tags?post=148200"}],"curies":[{"name":"wp","href":"https:\/\/api.w.org\/{rel}","templated":true}]}}