{"id":148170,"date":"2020-10-02T13:15:42","date_gmt":"2020-10-02T11:15:42","guid":{"rendered":"https:\/\/polishscience.pl\/?p=148170"},"modified":"2020-10-02T15:22:42","modified_gmt":"2020-10-02T13:22:42","slug":"przemyslaw-czarnek-sera-el-nuevo-ministro-de-educacion-y-ciencia","status":"publish","type":"post","link":"https:\/\/www.polishscience.pl\/es\/przemyslaw-czarnek-sera-el-nuevo-ministro-de-educacion-y-ciencia\/","title":{"rendered":"Przemys\u0142aw Czarnek ser\u00e1 el nuevo ministro de Educaci\u00f3n y Ciencia"},"content":{"rendered":"<p><strong>Como resultado de la reconstrucci\u00f3n del gobierno polaco, el Ministerio de Educaci\u00f3n y el Ministerio de Ciencia y Educaci\u00f3n Superior se fusionar\u00e1n. El nuevo ministro de Educaci\u00f3n y Ciencia ser\u00e1 el Dr. Przemys\u0142aw Czarnek, profesor de la Universidad Cat\u00f3lica de Lublin (KUL).<\/strong><\/p>\n<p>El nuevo ministro es un graduado de la Facultad de Derecho, Derecho Can\u00f3nico y Administraci\u00f3n de la Universidad Cat\u00f3lica de Lublin. En 2003 trabaj\u00f3 como asistente en la C\u00e1tedra de Derecho Constitucional de la Universidad Cat\u00f3lica de Lublin. Tambi\u00e9n imparti\u00f3 conferencias en la Universidad Kozminski de Varsovia y en la Escuela Superior de Comercio de Radom. Colabor\u00f3 con varios bufetes de abogados y asesores legales, proporcionando servicios legales a las unidades del gobierno local en la Voivod\u00eda de Lublin.<\/p>\n<p>En 2006, obtuvo doctorado en derecho sobre la base de una tesis titulada \u201cPrincipios del estado de derecho y justicia social en la pr\u00e1ctica sist\u00e9mica de la Tercera Rep\u00fablica de Polonia\u201d. Obtuvo habilitaci\u00f3n en 2015 en base a sus logros acad\u00e9micos y la disertaci\u00f3n titulada \u00abLibertad econ\u00f3mica. El primer pilar de la econom\u00eda social de mercado\u00bb.<br \/>\nEn 2015-2019 fue voivoda de Lublin. Se desempe\u00f1a como diputado desde 2019.<\/p>\n","protected":false},"excerpt":{"rendered":"<p>Como resultado de la reconstrucci\u00f3n del gobierno polaco, el Ministerio de Educaci\u00f3n y el Ministerio de Ciencia y Educaci\u00f3n Superior se fusionar\u00e1n. El nuevo ministro de Educaci\u00f3n y Ciencia ser\u00e1 el Dr. Przemys\u0142aw Czarnek, profesor de la Universidad Cat\u00f3lica de Lublin (KUL). El nuevo ministro es un graduado de la Facultad de Derecho, Derecho Can\u00f3nico [&hellip;]<\/p>\n","protected":false},"author":6,"featured_media":0,"comment_status":"closed","ping_status":"closed","sticky":false,"template":"","format":"standard","meta":[],"categories":[75],"tags":[],"_links":{"self":[{"href":"https:\/\/www.polishscience.pl\/es\/wp-json\/wp\/v2\/posts\/148170"}],"collection":[{"href":"https:\/\/www.polishscience.pl\/es\/wp-json\/wp\/v2\/posts"}],"about":[{"href":"https:\/\/www.polishscience.pl\/es\/wp-json\/wp\/v2\/types\/post"}],"author":[{"embeddable":true,"href":"https:\/\/www.polishscience.pl\/es\/wp-json\/wp\/v2\/users\/6"}],"replies":[{"embeddable":true,"href":"https:\/\/www.polishscience.pl\/es\/wp-json\/wp\/v2\/comments?post=148170"}],"version-history":[{"count":0,"href":"https:\/\/www.polishscience.pl\/es\/wp-json\/wp\/v2\/posts\/148170\/revisions"}],"wp:attachment":[{"href":"https:\/\/www.polishscience.pl\/es\/wp-json\/wp\/v2\/media?parent=148170"}],"wp:term":[{"taxonomy":"category","embeddable":true,"href":"https:\/\/www.polishscience.pl\/es\/wp-json\/wp\/v2\/categories?post=148170"},{"taxonomy":"post_tag","embeddable":true,"href":"https:\/\/www.polishscience.pl\/es\/wp-json\/wp\/v2\/tags?post=148170"}],"curies":[{"name":"wp","href":"https:\/\/api.w.org\/{rel}","templated":true}]}}