{"id":147407,"date":"2020-09-28T14:42:53","date_gmt":"2020-09-28T12:42:53","guid":{"rendered":"https:\/\/polishscience.pl\/?p=147407"},"modified":"2020-09-28T14:42:53","modified_gmt":"2020-09-28T12:42:53","slug":"festival-de-la-digitalizacion","status":"publish","type":"post","link":"https:\/\/www.polishscience.pl\/es\/festival-de-la-digitalizacion\/","title":{"rendered":"Festival de la Digitalizaci\u00f3n"},"content":{"rendered":"<p><strong>El Festival de la Digitalizaci\u00f3n, que es la mayor iniciativa educativa y tecnol\u00f3gica de Polonia, se desarrollar\u00e1 Del 1 al 10 de octubre. El objetivo del evento es divulgar el conocimiento sobre las nuevas tecnolog\u00edas y la digitalizaci\u00f3n.<\/strong><\/p>\n<p>El Festival de la Digitalizaci\u00f3n va dirigido a aquellos que dan sus primeros pasos en el mundo digital. Como resaltan los organizadores. \u201cla digitalizaci\u00f3n es m\u00e1s que tecnolog\u00eda. Son principalmente personas, y su desarrollo favorece la integraci\u00f3n social y la mejora de la calidad de vida. Gracias a la digitalizaci\u00f3n, los consumidores pueden utilizar servicios m\u00e1s r\u00e1pidos y efectivos, las empresas mejoran los modelos de negocio y las ciudades se convierten en una ciudad inteligente.\u201d<\/p>\n<p>El 1 de octubre se llevar\u00e1 a cabo la Noche de la Innovaci\u00f3n, durante la cual universidades y unidades de investigaci\u00f3n y desarrollo de todo el pa\u00eds presentar\u00e1n las \u00faltimas tecnolog\u00edas y los proyectos innovadores en los que est\u00e1n trabajando.<\/p>\n<p>M\u00e1s:<br \/>\n<a href=\"https:\/\/festiwalcyfryzacji.pl\/\">https:\/\/festiwalcyfryzacji.pl\/<\/a><\/p>\n","protected":false},"excerpt":{"rendered":"<p>El Festival de la Digitalizaci\u00f3n, que es la mayor iniciativa educativa y tecnol\u00f3gica de Polonia, se desarrollar\u00e1 Del 1 al 10 de octubre. El objetivo del evento es divulgar el conocimiento sobre las nuevas tecnolog\u00edas y la digitalizaci\u00f3n. El Festival de la Digitalizaci\u00f3n va dirigido a aquellos que dan sus primeros pasos en el mundo [&hellip;]<\/p>\n","protected":false},"author":6,"featured_media":0,"comment_status":"closed","ping_status":"closed","sticky":false,"template":"","format":"standard","meta":[],"categories":[81],"tags":[],"_links":{"self":[{"href":"https:\/\/www.polishscience.pl\/es\/wp-json\/wp\/v2\/posts\/147407"}],"collection":[{"href":"https:\/\/www.polishscience.pl\/es\/wp-json\/wp\/v2\/posts"}],"about":[{"href":"https:\/\/www.polishscience.pl\/es\/wp-json\/wp\/v2\/types\/post"}],"author":[{"embeddable":true,"href":"https:\/\/www.polishscience.pl\/es\/wp-json\/wp\/v2\/users\/6"}],"replies":[{"embeddable":true,"href":"https:\/\/www.polishscience.pl\/es\/wp-json\/wp\/v2\/comments?post=147407"}],"version-history":[{"count":0,"href":"https:\/\/www.polishscience.pl\/es\/wp-json\/wp\/v2\/posts\/147407\/revisions"}],"wp:attachment":[{"href":"https:\/\/www.polishscience.pl\/es\/wp-json\/wp\/v2\/media?parent=147407"}],"wp:term":[{"taxonomy":"category","embeddable":true,"href":"https:\/\/www.polishscience.pl\/es\/wp-json\/wp\/v2\/categories?post=147407"},{"taxonomy":"post_tag","embeddable":true,"href":"https:\/\/www.polishscience.pl\/es\/wp-json\/wp\/v2\/tags?post=147407"}],"curies":[{"name":"wp","href":"https:\/\/api.w.org\/{rel}","templated":true}]}}