{"id":145752,"date":"2020-09-15T13:51:12","date_gmt":"2020-09-15T11:51:12","guid":{"rendered":"https:\/\/polishscience.pl\/?p=145752"},"modified":"2020-09-15T15:03:30","modified_gmt":"2020-09-15T13:03:30","slug":"jovenes-cientificos-polacos-protestan-contra-la-reduccion-del-presupuesto-cientifico-de-la-union-europea","status":"publish","type":"post","link":"https:\/\/www.polishscience.pl\/es\/jovenes-cientificos-polacos-protestan-contra-la-reduccion-del-presupuesto-cientifico-de-la-union-europea\/","title":{"rendered":"J\u00f3venes cient\u00edficos polacos protestan contra la reducci\u00f3n del presupuesto cient\u00edfico de la Uni\u00f3n Europea"},"content":{"rendered":"<p><strong>La Academia de J\u00f3venes Acad\u00e9micos de la Academia Polaca de Ciencias (PAN) hace un llamamiento al Primer Ministro de la Rep\u00fablica de Polonia y a los miembros del Parlamento Europeo para que defiendan la financiaci\u00f3n de la investigaci\u00f3n en el presupuesto de la Uni\u00f3n Europea.<\/strong><\/p>\n<p>Los j\u00f3venes cient\u00edficos protestan contra la restricci\u00f3n de la financiaci\u00f3n del programa Horizonte Europa. Animan a unirse al llamamiento \u201ctodos aquellos que comprendan la importancia de la investigaci\u00f3n cient\u00edfica para el desarrollo de Polonia y Europa y el mantenimiento de su posici\u00f3n en el mundo\u00bb.<\/p>\n<p>El presupuesto asignado a la investigaci\u00f3n para el per\u00edodo 2021-2027 se redujo significativamente de acuerdo con las conclusiones de la cumbre extraordinaria del Consejo Europeo de julio de 2020, incluida la financiaci\u00f3n del programa Horizon Europe Excellent Science.<br \/>\n\u00abLa Uni\u00f3n Europea se enfrenta a desaf\u00edos de civilizaci\u00f3n cada vez m\u00e1s dif\u00edciles, incluidos los relacionados con la lucha en curso contra la pandemia COVID-19, y la ciencia juega un papel fundamental para superarlos\u00bb, enfatizan los cient\u00edficos asociados en la Academia de J\u00f3venes Cient\u00edficos en la Asamblea General de la Academia Polaca de Ciencias.<\/p>\n","protected":false},"excerpt":{"rendered":"<p>La Academia de J\u00f3venes Acad\u00e9micos de la Academia Polaca de Ciencias (PAN) hace un llamamiento al Primer Ministro de la Rep\u00fablica de Polonia y a los miembros del Parlamento Europeo para que defiendan la financiaci\u00f3n de la investigaci\u00f3n en el presupuesto de la Uni\u00f3n Europea. Los j\u00f3venes cient\u00edficos protestan contra la restricci\u00f3n de la financiaci\u00f3n [&hellip;]<\/p>\n","protected":false},"author":6,"featured_media":0,"comment_status":"closed","ping_status":"closed","sticky":false,"template":"","format":"standard","meta":[],"categories":[81],"tags":[],"_links":{"self":[{"href":"https:\/\/www.polishscience.pl\/es\/wp-json\/wp\/v2\/posts\/145752"}],"collection":[{"href":"https:\/\/www.polishscience.pl\/es\/wp-json\/wp\/v2\/posts"}],"about":[{"href":"https:\/\/www.polishscience.pl\/es\/wp-json\/wp\/v2\/types\/post"}],"author":[{"embeddable":true,"href":"https:\/\/www.polishscience.pl\/es\/wp-json\/wp\/v2\/users\/6"}],"replies":[{"embeddable":true,"href":"https:\/\/www.polishscience.pl\/es\/wp-json\/wp\/v2\/comments?post=145752"}],"version-history":[{"count":0,"href":"https:\/\/www.polishscience.pl\/es\/wp-json\/wp\/v2\/posts\/145752\/revisions"}],"wp:attachment":[{"href":"https:\/\/www.polishscience.pl\/es\/wp-json\/wp\/v2\/media?parent=145752"}],"wp:term":[{"taxonomy":"category","embeddable":true,"href":"https:\/\/www.polishscience.pl\/es\/wp-json\/wp\/v2\/categories?post=145752"},{"taxonomy":"post_tag","embeddable":true,"href":"https:\/\/www.polishscience.pl\/es\/wp-json\/wp\/v2\/tags?post=145752"}],"curies":[{"name":"wp","href":"https:\/\/api.w.org\/{rel}","templated":true}]}}