{"id":145358,"date":"2020-09-11T12:46:28","date_gmt":"2020-09-11T10:46:28","guid":{"rendered":"https:\/\/polishscience.pl\/?p=145358"},"modified":"2020-09-11T14:50:27","modified_gmt":"2020-09-11T12:50:27","slug":"la-6o-conferencia-de-lideres-de-gestion-universitaria-lumen","status":"publish","type":"post","link":"https:\/\/www.polishscience.pl\/es\/la-6o-conferencia-de-lideres-de-gestion-universitaria-lumen\/","title":{"rendered":"La 6\u00ba Conferencia de L\u00edderes de Gesti\u00f3n Universitaria LUMEN"},"content":{"rendered":"<p><strong>Del 24 al 25 de noviembre de 2020 se desarrollar\u00e1 la sexta Conferencia de L\u00edderes de Gesti\u00f3n Universitaria LUMEN, organizada por la empresa de consultor\u00eda e inform\u00e1tica PCG Academia y la Fundaci\u00f3n de Rectores Polacos.<\/strong><\/p>\n<p>Seg\u00fan informan los organizadores, los moderadores y los participantes del panel debatir\u00e1n \u00aben vivo\u00bb en el estudio de televisi\u00f3n, y la audiencia tendr\u00e1 la oportunidad de ver los discursos en la web y hacer preguntas.<\/p>\n<p>El evento incluir\u00e1 un debate sobre desaf\u00edos estrat\u00e9gicos en la educaci\u00f3n superior y ciencia, que ser\u00e1 conducido por representantes del Ministerio de Ciencia y Educaci\u00f3n Superior, la Conferencia de Rectores de Escuelas Acad\u00e9micas de Polonia, la Fundaci\u00f3n de Rectores Polacos y la PCG Academia.<\/p>\n<p>Tambi\u00e9n habr\u00e1 un panel sobre desaf\u00edos para las autoridades universitarias en el per\u00edodo 2020-2024 y el impacto de la pandemia de coronavirus en la forma en que operan las universidades en Polonia y en todo el mundo.<\/p>\n","protected":false},"excerpt":{"rendered":"<p>Del 24 al 25 de noviembre de 2020 se desarrollar\u00e1 la sexta Conferencia de L\u00edderes de Gesti\u00f3n Universitaria LUMEN, organizada por la empresa de consultor\u00eda e inform\u00e1tica PCG Academia y la Fundaci\u00f3n de Rectores Polacos. Seg\u00fan informan los organizadores, los moderadores y los participantes del panel debatir\u00e1n \u00aben vivo\u00bb en el estudio de televisi\u00f3n, y [&hellip;]<\/p>\n","protected":false},"author":6,"featured_media":0,"comment_status":"closed","ping_status":"closed","sticky":false,"template":"","format":"standard","meta":[],"categories":[81],"tags":[],"_links":{"self":[{"href":"https:\/\/www.polishscience.pl\/es\/wp-json\/wp\/v2\/posts\/145358"}],"collection":[{"href":"https:\/\/www.polishscience.pl\/es\/wp-json\/wp\/v2\/posts"}],"about":[{"href":"https:\/\/www.polishscience.pl\/es\/wp-json\/wp\/v2\/types\/post"}],"author":[{"embeddable":true,"href":"https:\/\/www.polishscience.pl\/es\/wp-json\/wp\/v2\/users\/6"}],"replies":[{"embeddable":true,"href":"https:\/\/www.polishscience.pl\/es\/wp-json\/wp\/v2\/comments?post=145358"}],"version-history":[{"count":0,"href":"https:\/\/www.polishscience.pl\/es\/wp-json\/wp\/v2\/posts\/145358\/revisions"}],"wp:attachment":[{"href":"https:\/\/www.polishscience.pl\/es\/wp-json\/wp\/v2\/media?parent=145358"}],"wp:term":[{"taxonomy":"category","embeddable":true,"href":"https:\/\/www.polishscience.pl\/es\/wp-json\/wp\/v2\/categories?post=145358"},{"taxonomy":"post_tag","embeddable":true,"href":"https:\/\/www.polishscience.pl\/es\/wp-json\/wp\/v2\/tags?post=145358"}],"curies":[{"name":"wp","href":"https:\/\/api.w.org\/{rel}","templated":true}]}}