{"id":144977,"date":"2020-09-09T17:21:04","date_gmt":"2020-09-09T15:21:04","guid":{"rendered":"https:\/\/polishscience.pl\/?p=144977"},"modified":"2020-09-10T21:47:46","modified_gmt":"2020-09-10T19:47:46","slug":"bialystok-acoge-la-exposicion-matematicas-en-la-lente-de-camara","status":"publish","type":"post","link":"https:\/\/www.polishscience.pl\/es\/bialystok-acoge-la-exposicion-matematicas-en-la-lente-de-camara\/","title":{"rendered":"Bia\u0142ystok acoge la exposici\u00f3n \u00abLas matem\u00e1ticas en la fotograf\u00eda\u00bb"},"content":{"rendered":"<p><strong>La Facultad de Ciencias de la Computaci\u00f3n de la Universidad Tecnol\u00f3gica de Bia\u0142ystok y el Centro de Popularizaci\u00f3n de las Matem\u00e1ticas Signum, junto con el Instituto de Cultura de Podlaquia, invitan a la exposici\u00f3n \u00abLas matem\u00e1ticas en la fotograf\u00eda\u00bb. La exposici\u00f3n est\u00e1 abierta al p\u00fablico a partir del 18 de septiembre de 2020 en la galer\u00eda Alfa en Bia\u0142ystok.<\/strong><\/p>\n<p>El objetivo de la exposici\u00f3n es demuestrar que todo lo que nos rodea es o puede ser matem\u00e1tica. Los objetos cotidianos suelen reflejar conceptos matem\u00e1ticos como poliedro o simetr\u00eda. Los fen\u00f3menos y las composiciones ilustran las reglas y regularidades matem\u00e1ticas. Las matem\u00e1ticas nos rodean, en nuestro d\u00eda a d\u00eda y a cada paso, basta con echar un vistazo y dejarse llevar por la imaginaci\u00f3n, convencen los organizadores.<\/p>\n<p>Las fotos fueron tomadas en los \u00faltimos cinco a\u00f1os, como parte de los concursos anuales organizados por el Centro de Popularizaci\u00f3n de las Matem\u00e1ticas Signum, bajo el patrocinio de la Rama de la Sociedad Matem\u00e1tica Polaca e Bia\u0142ystok. Los autores de las fotograf\u00edas son estudiantes de escuelas secundarias de toda Polonia.<\/p>\n","protected":false},"excerpt":{"rendered":"<p>La Facultad de Ciencias de la Computaci\u00f3n de la Universidad Tecnol\u00f3gica de Bia\u0142ystok y el Centro de Popularizaci\u00f3n de las Matem\u00e1ticas Signum, junto con el Instituto de Cultura de Podlaquia, invitan a la exposici\u00f3n \u00abLas matem\u00e1ticas en la fotograf\u00eda\u00bb. La exposici\u00f3n est\u00e1 abierta al p\u00fablico a partir del 18 de septiembre de 2020 en la [&hellip;]<\/p>\n","protected":false},"author":6,"featured_media":0,"comment_status":"closed","ping_status":"closed","sticky":false,"template":"","format":"standard","meta":[],"categories":[81],"tags":[],"_links":{"self":[{"href":"https:\/\/www.polishscience.pl\/es\/wp-json\/wp\/v2\/posts\/144977"}],"collection":[{"href":"https:\/\/www.polishscience.pl\/es\/wp-json\/wp\/v2\/posts"}],"about":[{"href":"https:\/\/www.polishscience.pl\/es\/wp-json\/wp\/v2\/types\/post"}],"author":[{"embeddable":true,"href":"https:\/\/www.polishscience.pl\/es\/wp-json\/wp\/v2\/users\/6"}],"replies":[{"embeddable":true,"href":"https:\/\/www.polishscience.pl\/es\/wp-json\/wp\/v2\/comments?post=144977"}],"version-history":[{"count":0,"href":"https:\/\/www.polishscience.pl\/es\/wp-json\/wp\/v2\/posts\/144977\/revisions"}],"wp:attachment":[{"href":"https:\/\/www.polishscience.pl\/es\/wp-json\/wp\/v2\/media?parent=144977"}],"wp:term":[{"taxonomy":"category","embeddable":true,"href":"https:\/\/www.polishscience.pl\/es\/wp-json\/wp\/v2\/categories?post=144977"},{"taxonomy":"post_tag","embeddable":true,"href":"https:\/\/www.polishscience.pl\/es\/wp-json\/wp\/v2\/tags?post=144977"}],"curies":[{"name":"wp","href":"https:\/\/api.w.org\/{rel}","templated":true}]}}