{"id":144704,"date":"2020-09-08T15:07:28","date_gmt":"2020-09-08T13:07:28","guid":{"rendered":"https:\/\/polishscience.pl\/?p=144704"},"modified":"2020-09-08T16:08:25","modified_gmt":"2020-09-08T14:08:25","slug":"un-equipo-de-investigadores-de-polonia-y-la-republica-checa-investigo-y-describio-el-fenomeno-de-las-aberraciones-de-color-en-las-aves","status":"publish","type":"post","link":"https:\/\/www.polishscience.pl\/es\/un-equipo-de-investigadores-de-polonia-y-la-republica-checa-investigo-y-describio-el-fenomeno-de-las-aberraciones-de-color-en-las-aves\/","title":{"rendered":"Un equipo de investigadores de Polonia y la Rep\u00fablica Checa investig\u00f3 y describi\u00f3 el fen\u00f3meno de las aberraciones de color en las aves"},"content":{"rendered":"<p><strong>Un equipo de investigadores de Polonia y la Rep\u00fablica Checa investig\u00f3 y describi\u00f3 el fen\u00f3meno de las aberraciones de color en las aves. Los resultados del trabajo han sido publicados en la prestigiosa revista IBIS. El grupo de los cient\u00edficos que examin\u00f3 casi mil casos en 74 especies de aves incluye el Prof. Piotr Tryjanowski de la Universidad de Ciencias de la Vida de Pozna\u0144.<\/strong><\/p>\n<p>Los investigadores utilizaron fuentes de datos en l\u00ednea: pel\u00edculas y fotos de aves de colores inusuales publicadas en Internet. Estas herramientas se utilizan cada vez m\u00e1s en la investigaci\u00f3n ecol\u00f3gica y evolutiva, pero los cient\u00edficos enfatizan que el uso de tales datos no es apropiado para todas las preguntas de investigaci\u00f3n, y su uso en los an\u00e1lisis debe realizarse con cuidado.<\/p>\n<p>La investigaci\u00f3n muestra que las aves de colores inusuales, principalmente cuervos, mirlos y gorriones, se pueden encontrar pr\u00e1cticamente en todas partes, pero con mayor frecuencia en las grandes ciudades y sus alrededores. Esto puede deberse al mayor n\u00famero de personas que documentan observaciones y \/ o condiciones de vida en un entorno propicio para la mutaci\u00f3n.<\/p>\n<p>M\u00e1s: <a href=\"https:\/\/puls.edu.pl\/ogloszenia\/dmik\/kawka-z-mlekiem-czyli-rzecz-o-nietypowo-ubarwionych-ptakach\">https:\/\/puls.edu.pl\/ogloszenia\/dmik\/kawka-z-mlekiem-czyli-rzecz-o-nietypowo-ubarwowani-ptakach<\/a><\/p>\n","protected":false},"excerpt":{"rendered":"<p>Un equipo de investigadores de Polonia y la Rep\u00fablica Checa investig\u00f3 y describi\u00f3 el fen\u00f3meno de las aberraciones de color en las aves. Los resultados del trabajo han sido publicados en la prestigiosa revista IBIS. El grupo de los cient\u00edficos que examin\u00f3 casi mil casos en 74 especies de aves incluye el Prof. Piotr Tryjanowski [&hellip;]<\/p>\n","protected":false},"author":6,"featured_media":0,"comment_status":"closed","ping_status":"closed","sticky":false,"template":"","format":"standard","meta":[],"categories":[81],"tags":[],"_links":{"self":[{"href":"https:\/\/www.polishscience.pl\/es\/wp-json\/wp\/v2\/posts\/144704"}],"collection":[{"href":"https:\/\/www.polishscience.pl\/es\/wp-json\/wp\/v2\/posts"}],"about":[{"href":"https:\/\/www.polishscience.pl\/es\/wp-json\/wp\/v2\/types\/post"}],"author":[{"embeddable":true,"href":"https:\/\/www.polishscience.pl\/es\/wp-json\/wp\/v2\/users\/6"}],"replies":[{"embeddable":true,"href":"https:\/\/www.polishscience.pl\/es\/wp-json\/wp\/v2\/comments?post=144704"}],"version-history":[{"count":0,"href":"https:\/\/www.polishscience.pl\/es\/wp-json\/wp\/v2\/posts\/144704\/revisions"}],"wp:attachment":[{"href":"https:\/\/www.polishscience.pl\/es\/wp-json\/wp\/v2\/media?parent=144704"}],"wp:term":[{"taxonomy":"category","embeddable":true,"href":"https:\/\/www.polishscience.pl\/es\/wp-json\/wp\/v2\/categories?post=144704"},{"taxonomy":"post_tag","embeddable":true,"href":"https:\/\/www.polishscience.pl\/es\/wp-json\/wp\/v2\/tags?post=144704"}],"curies":[{"name":"wp","href":"https:\/\/api.w.org\/{rel}","templated":true}]}}