{"id":144456,"date":"2020-09-07T15:31:07","date_gmt":"2020-09-07T13:31:07","guid":{"rendered":"https:\/\/polishscience.pl\/?p=144456"},"modified":"2020-09-07T15:31:07","modified_gmt":"2020-09-07T13:31:07","slug":"el-nuevo-rector-de-la-universidad-jan-kochanowski-de-kielce-quiere-aumentar-la-actividad-del-personal-cientifico","status":"publish","type":"post","link":"https:\/\/www.polishscience.pl\/es\/el-nuevo-rector-de-la-universidad-jan-kochanowski-de-kielce-quiere-aumentar-la-actividad-del-personal-cientifico\/","title":{"rendered":"El nuevo rector de la Universidad Jan Kochanowski de Kielce quiere aumentar la actividad del personal cient\u00edfico"},"content":{"rendered":"<p><strong>La mejora de la calidad de la ense\u00f1anza, la did\u00e1ctica y el emprendimiento entre estudiantes y empleados universitarios son nuevos retos de la Universidad Jan Kochanowski de Kielce seg\u00fan el Prof. Stanis\u0142aw G\u0142uszek, el nuevo rector de la instituci\u00f3n.<\/strong><\/p>\n<p>En la entrevista a Radio Kielce, el Prof. G\u0142uszek enfatiz\u00f3 que el an\u00e1lisis de la actividad cient\u00edfica es el primero paso en la direcci\u00f3n correcta. \u201cSi no tenemos la categor\u00eda adecuada, podemos perder t\u00edtulos en muchas disciplinas, y esto ser\u00eda p\u00e9rdida mayor para nuestra universidad, por lo que debemos tomar acciones dentro de los pr\u00f3ximos 16 meses que definitivamente mejorar\u00e1n la situaci\u00f3n en muchas \u00e1reas\u201d, explic\u00f3.<\/p>\n<p>En opini\u00f3n del nuevo rector, las autoridades universitarias deber\u00edan \u201cprestar m\u00e1s atenci\u00f3n a la actividad cient\u00edfica y did\u00e1ctica del personal que trabaja en la UJK cuando se trata de proyectos de investigaci\u00f3n que se traducen en el n\u00famero de publicaciones\u201d.<\/p>\n","protected":false},"excerpt":{"rendered":"<p>La mejora de la calidad de la ense\u00f1anza, la did\u00e1ctica y el emprendimiento entre estudiantes y empleados universitarios son nuevos retos de la Universidad Jan Kochanowski de Kielce seg\u00fan el Prof. Stanis\u0142aw G\u0142uszek, el nuevo rector de la instituci\u00f3n. En la entrevista a Radio Kielce, el Prof. G\u0142uszek enfatiz\u00f3 que el an\u00e1lisis de la actividad [&hellip;]<\/p>\n","protected":false},"author":6,"featured_media":0,"comment_status":"closed","ping_status":"closed","sticky":false,"template":"","format":"standard","meta":[],"categories":[75],"tags":[],"_links":{"self":[{"href":"https:\/\/www.polishscience.pl\/es\/wp-json\/wp\/v2\/posts\/144456"}],"collection":[{"href":"https:\/\/www.polishscience.pl\/es\/wp-json\/wp\/v2\/posts"}],"about":[{"href":"https:\/\/www.polishscience.pl\/es\/wp-json\/wp\/v2\/types\/post"}],"author":[{"embeddable":true,"href":"https:\/\/www.polishscience.pl\/es\/wp-json\/wp\/v2\/users\/6"}],"replies":[{"embeddable":true,"href":"https:\/\/www.polishscience.pl\/es\/wp-json\/wp\/v2\/comments?post=144456"}],"version-history":[{"count":0,"href":"https:\/\/www.polishscience.pl\/es\/wp-json\/wp\/v2\/posts\/144456\/revisions"}],"wp:attachment":[{"href":"https:\/\/www.polishscience.pl\/es\/wp-json\/wp\/v2\/media?parent=144456"}],"wp:term":[{"taxonomy":"category","embeddable":true,"href":"https:\/\/www.polishscience.pl\/es\/wp-json\/wp\/v2\/categories?post=144456"},{"taxonomy":"post_tag","embeddable":true,"href":"https:\/\/www.polishscience.pl\/es\/wp-json\/wp\/v2\/tags?post=144456"}],"curies":[{"name":"wp","href":"https:\/\/api.w.org\/{rel}","templated":true}]}}