{"id":144343,"date":"2020-09-04T15:28:27","date_gmt":"2020-09-04T13:28:27","guid":{"rendered":"https:\/\/polishscience.pl\/?p=144343"},"modified":"2020-09-04T20:29:36","modified_gmt":"2020-09-04T18:29:36","slug":"el-prof-kalinowski-la-universidad-catolica-de-lublin-debe-mantener-su-identidad","status":"publish","type":"post","link":"https:\/\/www.polishscience.pl\/es\/el-prof-kalinowski-la-universidad-catolica-de-lublin-debe-mantener-su-identidad\/","title":{"rendered":"El Prof. Kalinowski: la Universidad Cat\u00f3lica de Lublin debe mantener su identidad"},"content":{"rendered":"<p><strong>La comunidad acad\u00e9mica debe ayudar a encontrar respuestas a los problemas y desaf\u00edos del mundo contempor\u00e1neo. Tenemos el potencial de ser un centro cient\u00edfico y formador de opini\u00f3n que va m\u00e1s all\u00e1 de las fronteras de Polonia, enfatiza el nuevo rector de la Universidad Cat\u00f3lica Juan Pablo II de Lublin (KUL), el Prof. Miros\u0142aw Kalinowski en una entrevista a la Agencia de Informaci\u00f3n Cat\u00f3lica.<\/strong><\/p>\n<p>Seg\u00fan el nuevo rector, la comunidad acad\u00e9mica debe adaptarse a la civilizaci\u00f3n, los cambios culturales y tecnol\u00f3gicos, pero la idea primordial de la KUL es euforia de fe y ciencia, por lo tanto, la universidad debe mantener su identidad, resultado de la estrecha relaci\u00f3n con la doctrina social de la Iglesia Cat\u00f3lica.<\/p>\n<p>Agreg\u00f3 que en este contexto, es necesario asumir los desaf\u00edos relacionados con el aprovechamiento de los logros de la civilizaci\u00f3n, especialmente los avances en gen\u00e9tica, biotecnolog\u00eda en el mundo de la digitalizaci\u00f3n, nuevas tecnolog\u00edas y medios. Tambi\u00e9n llam\u00f3 la atenci\u00f3n sobre la primac\u00eda de la persona sobre la econom\u00eda.<\/p>\n","protected":false},"excerpt":{"rendered":"<p>La comunidad acad\u00e9mica debe ayudar a encontrar respuestas a los problemas y desaf\u00edos del mundo contempor\u00e1neo. Tenemos el potencial de ser un centro cient\u00edfico y formador de opini\u00f3n que va m\u00e1s all\u00e1 de las fronteras de Polonia, enfatiza el nuevo rector de la Universidad Cat\u00f3lica Juan Pablo II de Lublin (KUL), el Prof. Miros\u0142aw Kalinowski [&hellip;]<\/p>\n","protected":false},"author":6,"featured_media":0,"comment_status":"closed","ping_status":"closed","sticky":false,"template":"","format":"standard","meta":[],"categories":[75],"tags":[],"_links":{"self":[{"href":"https:\/\/www.polishscience.pl\/es\/wp-json\/wp\/v2\/posts\/144343"}],"collection":[{"href":"https:\/\/www.polishscience.pl\/es\/wp-json\/wp\/v2\/posts"}],"about":[{"href":"https:\/\/www.polishscience.pl\/es\/wp-json\/wp\/v2\/types\/post"}],"author":[{"embeddable":true,"href":"https:\/\/www.polishscience.pl\/es\/wp-json\/wp\/v2\/users\/6"}],"replies":[{"embeddable":true,"href":"https:\/\/www.polishscience.pl\/es\/wp-json\/wp\/v2\/comments?post=144343"}],"version-history":[{"count":0,"href":"https:\/\/www.polishscience.pl\/es\/wp-json\/wp\/v2\/posts\/144343\/revisions"}],"wp:attachment":[{"href":"https:\/\/www.polishscience.pl\/es\/wp-json\/wp\/v2\/media?parent=144343"}],"wp:term":[{"taxonomy":"category","embeddable":true,"href":"https:\/\/www.polishscience.pl\/es\/wp-json\/wp\/v2\/categories?post=144343"},{"taxonomy":"post_tag","embeddable":true,"href":"https:\/\/www.polishscience.pl\/es\/wp-json\/wp\/v2\/tags?post=144343"}],"curies":[{"name":"wp","href":"https:\/\/api.w.org\/{rel}","templated":true}]}}