{"id":143084,"date":"2020-08-27T12:55:59","date_gmt":"2020-08-27T10:55:59","guid":{"rendered":"https:\/\/polishscience.pl\/?p=143084"},"modified":"2020-08-27T15:00:50","modified_gmt":"2020-08-27T13:00:50","slug":"cuatro-nuevos-campos-de-estudio-en-la-oferta-academica-de-la-universidad-tecnologica-de-kielce","status":"publish","type":"post","link":"https:\/\/www.polishscience.pl\/es\/cuatro-nuevos-campos-de-estudio-en-la-oferta-academica-de-la-universidad-tecnologica-de-kielce\/","title":{"rendered":"Cuatro nuevos campos de estudio en la oferta acad\u00e9mica de la Universidad Tecnol\u00f3gica de Kielce"},"content":{"rendered":"<p><strong>Electromovilidad, TIC, TI industrial e Ingenier\u00eda de Medios de Transporte son cuatro novedades en la oferta acad\u00e9mica de la Universidad Tecnol\u00f3gica de Kielce (P\u015ak) que se implementar\u00e1n en el curso 2020-21.<\/strong><\/p>\n<p>El lanzamiento de nuevos programas de estudio fue precedido por consultas con empresarios y expertos del mercado laboral, informa el Prof. Artur Maci\u0105g, vicerrector de Asuntos Estudiantiles y Did\u00e1ctica de la P\u015ak. \u201cActualmente estamos observando cambios importantes en la econom\u00eda, ser\u00e1 m\u00e1s dif\u00edcil encontrar un buen trabajo. Estoy convencido de que las habilidades y conocimientos que los estudiantes adquirir\u00e1n durante sus estudios aumentar\u00e1n sus oportunidades en el mercado laboral y abrir\u00e1n la puerta a una carrera profesional\u201d, agreg\u00f3 el vicerrector.<\/p>\n<p>Cabe se\u00f1alar que el a\u00f1o pasado la P\u015ak lanz\u00f3 nuevos estudios en Automatizaci\u00f3n y I ingenier\u00eda El\u00e9ctrica Industrial.<\/p>\n","protected":false},"excerpt":{"rendered":"<p>Electromovilidad, TIC, TI industrial e Ingenier\u00eda de Medios de Transporte son cuatro novedades en la oferta acad\u00e9mica de la Universidad Tecnol\u00f3gica de Kielce (P\u015ak) que se implementar\u00e1n en el curso 2020-21. El lanzamiento de nuevos programas de estudio fue precedido por consultas con empresarios y expertos del mercado laboral, informa el Prof. Artur Maci\u0105g, vicerrector [&hellip;]<\/p>\n","protected":false},"author":6,"featured_media":0,"comment_status":"closed","ping_status":"closed","sticky":false,"template":"","format":"standard","meta":[],"categories":[75],"tags":[],"_links":{"self":[{"href":"https:\/\/www.polishscience.pl\/es\/wp-json\/wp\/v2\/posts\/143084"}],"collection":[{"href":"https:\/\/www.polishscience.pl\/es\/wp-json\/wp\/v2\/posts"}],"about":[{"href":"https:\/\/www.polishscience.pl\/es\/wp-json\/wp\/v2\/types\/post"}],"author":[{"embeddable":true,"href":"https:\/\/www.polishscience.pl\/es\/wp-json\/wp\/v2\/users\/6"}],"replies":[{"embeddable":true,"href":"https:\/\/www.polishscience.pl\/es\/wp-json\/wp\/v2\/comments?post=143084"}],"version-history":[{"count":0,"href":"https:\/\/www.polishscience.pl\/es\/wp-json\/wp\/v2\/posts\/143084\/revisions"}],"wp:attachment":[{"href":"https:\/\/www.polishscience.pl\/es\/wp-json\/wp\/v2\/media?parent=143084"}],"wp:term":[{"taxonomy":"category","embeddable":true,"href":"https:\/\/www.polishscience.pl\/es\/wp-json\/wp\/v2\/categories?post=143084"},{"taxonomy":"post_tag","embeddable":true,"href":"https:\/\/www.polishscience.pl\/es\/wp-json\/wp\/v2\/tags?post=143084"}],"curies":[{"name":"wp","href":"https:\/\/api.w.org\/{rel}","templated":true}]}}