{"id":142875,"date":"2020-08-26T13:53:41","date_gmt":"2020-08-26T11:53:41","guid":{"rendered":"https:\/\/polishscience.pl\/?p=142875"},"modified":"2020-08-26T13:53:41","modified_gmt":"2020-08-26T11:53:41","slug":"reunion-de-las-autoridades-de-la-universidad-de-varsovia-y-la-universidad-medica-de-varsovia","status":"publish","type":"post","link":"https:\/\/www.polishscience.pl\/es\/reunion-de-las-autoridades-de-la-universidad-de-varsovia-y-la-universidad-medica-de-varsovia\/","title":{"rendered":"Reuni\u00f3n de las autoridades de la Universidad de Varsovia y la Universidad M\u00e9dica de Varsovia"},"content":{"rendered":"<p><strong>El 24 de agosto de 2020 tuvo lugar una reuni\u00f3n de representantes de la Universidad de Varsovia (UW) y la Universidad M\u00e9dica de Varsovia (MUW), a la que asistieron los rectores y vicerrectores de ambas universidades de la actual legislatura, as\u00ed como nuevos equipos de rectores, que comenzar\u00e1n a trabajar en septiembre.<\/strong><\/p>\n<p>El objetivo de la reuni\u00f3n fue debatir el desarrollo de la cooperaci\u00f3n cient\u00edfica y did\u00e1ctica. Durante el encuentro, los rectores confirmaron su inter\u00e9s en continuar la cooperaci\u00f3n estrat\u00e9gica de ambas universidades y analizaron el estado actual de la cooperaci\u00f3n y los temas relacionados con la posibilidad de federalizaci\u00f3n.<\/p>\n<p>El concepto de federaci\u00f3n y el proyecto de su estatuto fueron desarrollados en 2019, evaluados positivamente por las autoridades rectoras, los Senados y los Consejos Universitarios, y presentados en el Ministerio de Ciencia y Educaci\u00f3n Superior. El Ministerio evalu\u00f3 positivamente el modelo de federaci\u00f3n propuesto y se manifest\u00f3 a favor de una modificaci\u00f3n de la ley requerida para su implementaci\u00f3n.<\/p>\n","protected":false},"excerpt":{"rendered":"<p>El 24 de agosto de 2020 tuvo lugar una reuni\u00f3n de representantes de la Universidad de Varsovia (UW) y la Universidad M\u00e9dica de Varsovia (MUW), a la que asistieron los rectores y vicerrectores de ambas universidades de la actual legislatura, as\u00ed como nuevos equipos de rectores, que comenzar\u00e1n a trabajar en septiembre. El objetivo de [&hellip;]<\/p>\n","protected":false},"author":6,"featured_media":0,"comment_status":"closed","ping_status":"closed","sticky":false,"template":"","format":"standard","meta":[],"categories":[75],"tags":[],"_links":{"self":[{"href":"https:\/\/www.polishscience.pl\/es\/wp-json\/wp\/v2\/posts\/142875"}],"collection":[{"href":"https:\/\/www.polishscience.pl\/es\/wp-json\/wp\/v2\/posts"}],"about":[{"href":"https:\/\/www.polishscience.pl\/es\/wp-json\/wp\/v2\/types\/post"}],"author":[{"embeddable":true,"href":"https:\/\/www.polishscience.pl\/es\/wp-json\/wp\/v2\/users\/6"}],"replies":[{"embeddable":true,"href":"https:\/\/www.polishscience.pl\/es\/wp-json\/wp\/v2\/comments?post=142875"}],"version-history":[{"count":0,"href":"https:\/\/www.polishscience.pl\/es\/wp-json\/wp\/v2\/posts\/142875\/revisions"}],"wp:attachment":[{"href":"https:\/\/www.polishscience.pl\/es\/wp-json\/wp\/v2\/media?parent=142875"}],"wp:term":[{"taxonomy":"category","embeddable":true,"href":"https:\/\/www.polishscience.pl\/es\/wp-json\/wp\/v2\/categories?post=142875"},{"taxonomy":"post_tag","embeddable":true,"href":"https:\/\/www.polishscience.pl\/es\/wp-json\/wp\/v2\/tags?post=142875"}],"curies":[{"name":"wp","href":"https:\/\/api.w.org\/{rel}","templated":true}]}}