{"id":142592,"date":"2020-08-24T16:44:18","date_gmt":"2020-08-24T14:44:18","guid":{"rendered":"https:\/\/polishscience.pl\/?p=142592"},"modified":"2020-08-24T18:44:48","modified_gmt":"2020-08-24T16:44:48","slug":"xvii-conferencia-informatica-en-educacion","status":"publish","type":"post","link":"https:\/\/www.polishscience.pl\/es\/xvii-conferencia-informatica-en-educacion\/","title":{"rendered":"XVII Conferencia \u00abInform\u00e1tica en Educaci\u00f3n\u00bb"},"content":{"rendered":"<p><strong>\u00abEducaci\u00f3n inform\u00e1tica y desarrollo de la sociedad. El aprendizaje a distancia\u201d ser\u00e1 el tema de la 17\u00aa Conferencia \u201cInform\u00e1tica en la educaci\u00f3n\u00bb que se desarrollara del 22 al 25 de septiembre. El organizador del evento es la Facultad de Matem\u00e1ticas e Inform\u00e1tica de la Universidad Nicol\u00e1s Cop\u00e9rnico de Toru\u0144 en cooperaci\u00f3n con la rama de Cuyavia y Pomerania de la Sociedad Polaca de Inform\u00e1tica.<\/strong><\/p>\n<p>La edici\u00f3n de este a\u00f1o de la conferencia se llevar\u00e1 a cabo \u00edntegramente en l\u00ednea. El tema principal de la reuni\u00f3n es la inform\u00e1tica, cuyo alcance est\u00e1 definido por el plan de estudios b\u00e1sico aplicable.<\/p>\n<p>Las ponencias cubrir\u00e1n los siguientes temas: Aspectos sustantivos y metodol\u00f3gicos de la ense\u00f1anza de la inform\u00e1tica; Aspectos sustantivos y metodol\u00f3gicos del aprendizaje a distancia; Organizaci\u00f3n del aprendizaje a distancia desde el punto de vista del director de la escuela, maestro, padre, estudiante; Tecnolog\u00eda de la informaci\u00f3n y educaci\u00f3n a distancia y las necesidades de las escuelas, profesores, estudiantes, padres; Preparar a los profesores para la ense\u00f1anza de la inform\u00e1tica y el trabajo a distancia y Una visi\u00f3n de una nueva escuela.<\/p>\n","protected":false},"excerpt":{"rendered":"<p>\u00abEducaci\u00f3n inform\u00e1tica y desarrollo de la sociedad. El aprendizaje a distancia\u201d ser\u00e1 el tema de la 17\u00aa Conferencia \u201cInform\u00e1tica en la educaci\u00f3n\u00bb que se desarrollara del 22 al 25 de septiembre. El organizador del evento es la Facultad de Matem\u00e1ticas e Inform\u00e1tica de la Universidad Nicol\u00e1s Cop\u00e9rnico de Toru\u0144 en cooperaci\u00f3n con la rama de [&hellip;]<\/p>\n","protected":false},"author":6,"featured_media":0,"comment_status":"closed","ping_status":"closed","sticky":false,"template":"","format":"standard","meta":[],"categories":[81],"tags":[],"_links":{"self":[{"href":"https:\/\/www.polishscience.pl\/es\/wp-json\/wp\/v2\/posts\/142592"}],"collection":[{"href":"https:\/\/www.polishscience.pl\/es\/wp-json\/wp\/v2\/posts"}],"about":[{"href":"https:\/\/www.polishscience.pl\/es\/wp-json\/wp\/v2\/types\/post"}],"author":[{"embeddable":true,"href":"https:\/\/www.polishscience.pl\/es\/wp-json\/wp\/v2\/users\/6"}],"replies":[{"embeddable":true,"href":"https:\/\/www.polishscience.pl\/es\/wp-json\/wp\/v2\/comments?post=142592"}],"version-history":[{"count":0,"href":"https:\/\/www.polishscience.pl\/es\/wp-json\/wp\/v2\/posts\/142592\/revisions"}],"wp:attachment":[{"href":"https:\/\/www.polishscience.pl\/es\/wp-json\/wp\/v2\/media?parent=142592"}],"wp:term":[{"taxonomy":"category","embeddable":true,"href":"https:\/\/www.polishscience.pl\/es\/wp-json\/wp\/v2\/categories?post=142592"},{"taxonomy":"post_tag","embeddable":true,"href":"https:\/\/www.polishscience.pl\/es\/wp-json\/wp\/v2\/tags?post=142592"}],"curies":[{"name":"wp","href":"https:\/\/api.w.org\/{rel}","templated":true}]}}