{"id":141535,"date":"2020-08-17T15:18:18","date_gmt":"2020-08-17T13:18:18","guid":{"rendered":"https:\/\/polishscience.pl\/?p=141535"},"modified":"2020-08-17T16:14:22","modified_gmt":"2020-08-17T14:14:22","slug":"14o-escuela-de-verano-de-historia-contemporanea","status":"publish","type":"post","link":"https:\/\/www.polishscience.pl\/es\/14o-escuela-de-verano-de-historia-contemporanea\/","title":{"rendered":"14\u00ba Escuela de Verano de Historia Contempor\u00e1nea"},"content":{"rendered":"<p><strong>El Instituto de la Memoria Nacional (IPN) invita a participar en la 14\u00ba edici\u00f3n de la Escuela de Verano de Historia Contempor\u00e1nea. El evento va dirigido a estudiantes que realicen investigaci\u00f3n relacionada con la historia contempor\u00e1nea de Polonia.<\/strong><\/p>\n<p>El programa de ediciones anteriores de la Escuela consisti\u00f3 en conferencias de eminentes expertos en historia moderna (entre ellos los profesores Antoni Dudek, Agnieszka Kolasa-Nowak, Grzegorz Motka, Andrzej Paczkowski, W\u0142odzimierz Sulea), debates, seminarios y talleres (por ejemplo, sobre \u00abHistoria oral\u00bb, el arte de la presentaci\u00f3n y c\u00f3mo escribir textos de divulgaci\u00f3n cient\u00edfica). El programa de este a\u00f1o ser\u00e1 de naturaleza similar, informa el Instituto Nacional de la Memoria.<\/p>\n<p>La Escuela se desarrollara del 7 al 12 de septiembre de 2020 en un centro de conferencias cerca de Varsovia.<\/p>\n","protected":false},"excerpt":{"rendered":"<p>El Instituto de la Memoria Nacional (IPN) invita a participar en la 14\u00ba edici\u00f3n de la Escuela de Verano de Historia Contempor\u00e1nea. El evento va dirigido a estudiantes que realicen investigaci\u00f3n relacionada con la historia contempor\u00e1nea de Polonia. El programa de ediciones anteriores de la Escuela consisti\u00f3 en conferencias de eminentes expertos en historia moderna [&hellip;]<\/p>\n","protected":false},"author":6,"featured_media":0,"comment_status":"closed","ping_status":"closed","sticky":false,"template":"","format":"standard","meta":[],"categories":[81,77],"tags":[],"_links":{"self":[{"href":"https:\/\/www.polishscience.pl\/es\/wp-json\/wp\/v2\/posts\/141535"}],"collection":[{"href":"https:\/\/www.polishscience.pl\/es\/wp-json\/wp\/v2\/posts"}],"about":[{"href":"https:\/\/www.polishscience.pl\/es\/wp-json\/wp\/v2\/types\/post"}],"author":[{"embeddable":true,"href":"https:\/\/www.polishscience.pl\/es\/wp-json\/wp\/v2\/users\/6"}],"replies":[{"embeddable":true,"href":"https:\/\/www.polishscience.pl\/es\/wp-json\/wp\/v2\/comments?post=141535"}],"version-history":[{"count":0,"href":"https:\/\/www.polishscience.pl\/es\/wp-json\/wp\/v2\/posts\/141535\/revisions"}],"wp:attachment":[{"href":"https:\/\/www.polishscience.pl\/es\/wp-json\/wp\/v2\/media?parent=141535"}],"wp:term":[{"taxonomy":"category","embeddable":true,"href":"https:\/\/www.polishscience.pl\/es\/wp-json\/wp\/v2\/categories?post=141535"},{"taxonomy":"post_tag","embeddable":true,"href":"https:\/\/www.polishscience.pl\/es\/wp-json\/wp\/v2\/tags?post=141535"}],"curies":[{"name":"wp","href":"https:\/\/api.w.org\/{rel}","templated":true}]}}