{"id":141298,"date":"2020-08-14T14:43:11","date_gmt":"2020-08-14T12:43:11","guid":{"rendered":"https:\/\/polishscience.pl\/?p=141298"},"modified":"2020-08-14T14:43:20","modified_gmt":"2020-08-14T12:43:20","slug":"el-parque-cientifico-torus-en-ciechanow-celebra-su-primer-ano-de-funcionamiento","status":"publish","type":"post","link":"https:\/\/www.polishscience.pl\/es\/el-parque-cientifico-torus-en-ciechanow-celebra-su-primer-ano-de-funcionamiento\/","title":{"rendered":"El Parque Cient\u00edfico Torus en Ciechan\u00f3w celebra su primer a\u00f1o de funcionamiento"},"content":{"rendered":"<p><strong>El Parque Cient\u00edfico Torus en Ciechan\u00f3w registr\u00f3 m\u00e1s de 16.000 visitas en su primer a\u00f1o de funcionamiento. La oferta incluye exposiciones interactivas, talleres, demostraciones cient\u00edficas y encuentros.<\/strong><\/p>\n<p>El domingo 30 de agosto, con motivo de su primer cumplea\u00f1os, el Parque Cient\u00edfico Torus llevar\u00e1 a los visitantes a un extraordinario viaje espacial. A partir de las 10.00 horas habr\u00e1 espect\u00e1culos en el planetario m\u00f3vil. Los ni\u00f1os m\u00e1s peque\u00f1os (a partir de 4 a\u00f1os) y sus cuidadores podr\u00e1n viajar al espacio con James, ping\u00fcino del Polo Sur, y Vladimir, gracioso oso del Polo Norte, y aprender, entre otros, cu\u00e1nto dura la noche en los polares. Los m\u00e1s peque\u00f1os tambi\u00e9n conocer\u00e1n nuestro sistema solar.<\/p>\n<p>Los ni\u00f1os mayores (a partir de los 9 a\u00f1os) y los adultos podr\u00e1n \u201cviajar a la luna\u201d y conocer qu\u00e9 se ve en el cielo nocturno durante cada temporada. Los espect\u00e1culos durar\u00e1n aproximadamente 45 minutos.<br \/>\nM\u00e1s:<br \/>\n<a href=\"http:\/\/www.parknaukitorus.pl\">www.parknaukitorus.pl<\/a><\/p>\n","protected":false},"excerpt":{"rendered":"<p>El Parque Cient\u00edfico Torus en Ciechan\u00f3w registr\u00f3 m\u00e1s de 16.000 visitas en su primer a\u00f1o de funcionamiento. La oferta incluye exposiciones interactivas, talleres, demostraciones cient\u00edficas y encuentros. El domingo 30 de agosto, con motivo de su primer cumplea\u00f1os, el Parque Cient\u00edfico Torus llevar\u00e1 a los visitantes a un extraordinario viaje espacial. A partir de las [&hellip;]<\/p>\n","protected":false},"author":6,"featured_media":0,"comment_status":"closed","ping_status":"closed","sticky":false,"template":"","format":"standard","meta":[],"categories":[81],"tags":[],"_links":{"self":[{"href":"https:\/\/www.polishscience.pl\/es\/wp-json\/wp\/v2\/posts\/141298"}],"collection":[{"href":"https:\/\/www.polishscience.pl\/es\/wp-json\/wp\/v2\/posts"}],"about":[{"href":"https:\/\/www.polishscience.pl\/es\/wp-json\/wp\/v2\/types\/post"}],"author":[{"embeddable":true,"href":"https:\/\/www.polishscience.pl\/es\/wp-json\/wp\/v2\/users\/6"}],"replies":[{"embeddable":true,"href":"https:\/\/www.polishscience.pl\/es\/wp-json\/wp\/v2\/comments?post=141298"}],"version-history":[{"count":0,"href":"https:\/\/www.polishscience.pl\/es\/wp-json\/wp\/v2\/posts\/141298\/revisions"}],"wp:attachment":[{"href":"https:\/\/www.polishscience.pl\/es\/wp-json\/wp\/v2\/media?parent=141298"}],"wp:term":[{"taxonomy":"category","embeddable":true,"href":"https:\/\/www.polishscience.pl\/es\/wp-json\/wp\/v2\/categories?post=141298"},{"taxonomy":"post_tag","embeddable":true,"href":"https:\/\/www.polishscience.pl\/es\/wp-json\/wp\/v2\/tags?post=141298"}],"curies":[{"name":"wp","href":"https:\/\/api.w.org\/{rel}","templated":true}]}}