{"id":141161,"date":"2020-08-13T14:02:33","date_gmt":"2020-08-13T12:02:33","guid":{"rendered":"https:\/\/polishscience.pl\/?p=141161"},"modified":"2020-08-13T18:06:38","modified_gmt":"2020-08-13T16:06:38","slug":"iii-congreso-cientifico-calidad-del-aire-y-salud-en-wroclaw","status":"publish","type":"post","link":"https:\/\/www.polishscience.pl\/es\/iii-congreso-cientifico-calidad-del-aire-y-salud-en-wroclaw\/","title":{"rendered":"III Congreso cient\u00edfico \u00abCalidad del aire y salud\u00bb en Wroc\u0142aw"},"content":{"rendered":"<p><strong>Los d\u00edas 7 al 9 de diciembre, Wroc\u0142aw acoger\u00e1 el 3\u00ba Congreso Cient\u00edfico \u00abCalidad del aire y salud\u00bb, organizado por la Universidad de Wroc\u0142aw, la Universidad de Tecnolog\u00eda de Wroc\u0142aw, el Ayuntamiento de Bydgoszcz, la Universidad M\u00e9dica de Wroc\u0142aw, el Instituto de Desarrollo Territorial, PMCOST, la Fundaci\u00f3n \u201cBiegaj dla Zdrowia\u201d y el Centro Europeo de Aire Limpio.<\/strong><\/p>\n<p>La conferencia, realizada como parte del Proyecto LIFE-MAPPINGAIR\/PL, es una plataforma para el intercambio de conocimientos, soluciones y buenas pr\u00e1cticas entre comunidades cient\u00edficas, gobiernos locales, organizaciones sociales y educadores que se ocupan de los problemas de la mejora de la calidad del aire.<\/p>\n<p>Durante la reuni\u00f3n de discutir\u00e1n cuestiones relacionadas con la contaminaci\u00f3n del aire (su emisi\u00f3n, dispersi\u00f3n y deposici\u00f3n) y su impacto en la vida y la salud humana. Los organizadores decidieron incluir temas sociales en el espectro, incluyendo educaci\u00f3n ambiental y aspectos legales de las actividades relacionadas con la mejora de la calidad del aire.<\/p>\n","protected":false},"excerpt":{"rendered":"<p>Los d\u00edas 7 al 9 de diciembre, Wroc\u0142aw acoger\u00e1 el 3\u00ba Congreso Cient\u00edfico \u00abCalidad del aire y salud\u00bb, organizado por la Universidad de Wroc\u0142aw, la Universidad de Tecnolog\u00eda de Wroc\u0142aw, el Ayuntamiento de Bydgoszcz, la Universidad M\u00e9dica de Wroc\u0142aw, el Instituto de Desarrollo Territorial, PMCOST, la Fundaci\u00f3n \u201cBiegaj dla Zdrowia\u201d y el Centro Europeo de [&hellip;]<\/p>\n","protected":false},"author":6,"featured_media":0,"comment_status":"closed","ping_status":"closed","sticky":false,"template":"","format":"standard","meta":[],"categories":[81],"tags":[],"_links":{"self":[{"href":"https:\/\/www.polishscience.pl\/es\/wp-json\/wp\/v2\/posts\/141161"}],"collection":[{"href":"https:\/\/www.polishscience.pl\/es\/wp-json\/wp\/v2\/posts"}],"about":[{"href":"https:\/\/www.polishscience.pl\/es\/wp-json\/wp\/v2\/types\/post"}],"author":[{"embeddable":true,"href":"https:\/\/www.polishscience.pl\/es\/wp-json\/wp\/v2\/users\/6"}],"replies":[{"embeddable":true,"href":"https:\/\/www.polishscience.pl\/es\/wp-json\/wp\/v2\/comments?post=141161"}],"version-history":[{"count":0,"href":"https:\/\/www.polishscience.pl\/es\/wp-json\/wp\/v2\/posts\/141161\/revisions"}],"wp:attachment":[{"href":"https:\/\/www.polishscience.pl\/es\/wp-json\/wp\/v2\/media?parent=141161"}],"wp:term":[{"taxonomy":"category","embeddable":true,"href":"https:\/\/www.polishscience.pl\/es\/wp-json\/wp\/v2\/categories?post=141161"},{"taxonomy":"post_tag","embeddable":true,"href":"https:\/\/www.polishscience.pl\/es\/wp-json\/wp\/v2\/tags?post=141161"}],"curies":[{"name":"wp","href":"https:\/\/api.w.org\/{rel}","templated":true}]}}