{"id":140734,"date":"2020-08-11T12:05:55","date_gmt":"2020-08-11T10:05:55","guid":{"rendered":"https:\/\/polishscience.pl\/?p=140734"},"modified":"2020-08-11T20:11:46","modified_gmt":"2020-08-11T18:11:46","slug":"la-universidad-medica-de-bialystok-cooperara-con-la-policia","status":"publish","type":"post","link":"https:\/\/www.polishscience.pl\/es\/la-universidad-medica-de-bialystok-cooperara-con-la-policia\/","title":{"rendered":"La Universidad M\u00e9dica de Bia\u0142ystok cooperar\u00e1 con la polic\u00eda"},"content":{"rendered":"<p><strong>La Universidad M\u00e9dica de Bia\u0142ystok (UMB), el Comandante en Jefe de la Polic\u00eda y el Laboratorio Forense Central de la Polic\u00eda cooperar\u00e1n en la identificaci\u00f3n r\u00e1pida de los cuerpos de las v\u00edctimas de desastres y otros acontecimientos.<\/strong><\/p>\n<p>El vicerrector de Asuntos Cl\u00ednicos y Formaci\u00f3n Profesional de la UMB, el Prof. Janusz Dzi\u0119cio\u0142, resalta que el establecimiento de esta cooperaci\u00f3n permite al UMB realizar actividades cient\u00edficas, prestar servicios de investigaci\u00f3n y transferir conocimientos y tecnolog\u00eda a la econom\u00eda.<\/p>\n<p>El contrato ser\u00e1 ejecutado por el Departamento de Medicina Forense por parte de la universidad, y por el Laboratorio forense Central por parte de la Polic\u00eda.<\/p>\n<p>\u00abEste acuerdo es tan importante porque la cooperaci\u00f3n con la universidad garantizar\u00e1 que la polic\u00eda polaca eleve constantemente los est\u00e1ndares recomendados por la Comisi\u00f3n Permanente y el Grupo de Seguimiento de la Organizaci\u00f3n Internacional de Polic\u00eda Criminal &#8211; Interpol para la identificaci\u00f3n de v\u00edctimas\u00bb, afirma el subinspector Tomasz Krupa, portavoz de la Polic\u00eda de Podlaquia, en una entrevista a Radio Bia\u0142ystok.<\/p>\n","protected":false},"excerpt":{"rendered":"<p>La Universidad M\u00e9dica de Bia\u0142ystok (UMB), el Comandante en Jefe de la Polic\u00eda y el Laboratorio Forense Central de la Polic\u00eda cooperar\u00e1n en la identificaci\u00f3n r\u00e1pida de los cuerpos de las v\u00edctimas de desastres y otros acontecimientos. El vicerrector de Asuntos Cl\u00ednicos y Formaci\u00f3n Profesional de la UMB, el Prof. Janusz Dzi\u0119cio\u0142, resalta que el [&hellip;]<\/p>\n","protected":false},"author":6,"featured_media":0,"comment_status":"closed","ping_status":"closed","sticky":false,"template":"","format":"standard","meta":[],"categories":[75],"tags":[],"_links":{"self":[{"href":"https:\/\/www.polishscience.pl\/es\/wp-json\/wp\/v2\/posts\/140734"}],"collection":[{"href":"https:\/\/www.polishscience.pl\/es\/wp-json\/wp\/v2\/posts"}],"about":[{"href":"https:\/\/www.polishscience.pl\/es\/wp-json\/wp\/v2\/types\/post"}],"author":[{"embeddable":true,"href":"https:\/\/www.polishscience.pl\/es\/wp-json\/wp\/v2\/users\/6"}],"replies":[{"embeddable":true,"href":"https:\/\/www.polishscience.pl\/es\/wp-json\/wp\/v2\/comments?post=140734"}],"version-history":[{"count":0,"href":"https:\/\/www.polishscience.pl\/es\/wp-json\/wp\/v2\/posts\/140734\/revisions"}],"wp:attachment":[{"href":"https:\/\/www.polishscience.pl\/es\/wp-json\/wp\/v2\/media?parent=140734"}],"wp:term":[{"taxonomy":"category","embeddable":true,"href":"https:\/\/www.polishscience.pl\/es\/wp-json\/wp\/v2\/categories?post=140734"},{"taxonomy":"post_tag","embeddable":true,"href":"https:\/\/www.polishscience.pl\/es\/wp-json\/wp\/v2\/tags?post=140734"}],"curies":[{"name":"wp","href":"https:\/\/api.w.org\/{rel}","templated":true}]}}