{"id":140068,"date":"2020-08-06T15:05:35","date_gmt":"2020-08-06T13:05:35","guid":{"rendered":"https:\/\/polishscience.pl\/?p=140068"},"modified":"2020-08-06T22:08:02","modified_gmt":"2020-08-06T20:08:02","slug":"se-establece-un-equipo-para-el-cambio-climatico-y-la-crisis-ambiental-en-la-universidad-adam-mickiewicz","status":"publish","type":"post","link":"https:\/\/www.polishscience.pl\/es\/se-establece-un-equipo-para-el-cambio-climatico-y-la-crisis-ambiental-en-la-universidad-adam-mickiewicz\/","title":{"rendered":"Se establece un equipo para el cambio clim\u00e1tico y la crisis ambiental en la Universidad Adam Mickiewicz"},"content":{"rendered":"<p><strong>En la Universidad de Adam Mickiewicz en Pozna\u0144 (UAM), se estableci\u00f3 un Equipo de Trabajo para el cambio clim\u00e1tico y la crisis ambiental. Los cient\u00edficos preparar\u00e1n diagn\u00f3sticos, recomendaciones y cooperar\u00e1n con socios para proteger el clima.<\/strong><\/p>\n<p>Los cient\u00edficos quieren desarrollar m\u00e9todos efectivos para informar a la sociedad sobre el cambio clim\u00e1tico y la crisis ambiental, as\u00ed como iniciar y coordinar actividades de investigaci\u00f3n, preparar opiniones y recomendaciones para autoridades universitarias y unidades organizativas. En oto\u00f1o, tendr\u00e1 lugar un seminario interdisciplinario sobre el Antropoceno y el calentamiento global.<\/p>\n<p>\u201cNos gustar\u00eda que todos los estudiantes de UAM aprendieran sobre el impacto humano en el clima y la naturaleza. Actualmente, pocas clases se ocupan de los problemas del calentamiento global, la crisis ecol\u00f3gica y el antropoceno\u201d, dice el presidente del equipo, el Prof. Mariusz Lamentowicz.<\/p>\n<p>M\u00e1s: <a href=\"https:\/\/amu.edu.pl\/wiadomosci\/aktualnosci\/kandydaci\/dla-mediow\/komunikaty-prasowe\/tylko-wspolnie-mozemy-pomoc-ziemi-naukowcy-z-uam-lacza-sily-na-rzecz-klimat\">https:\/\/amu.edu.pl\/wiadomosci\/aktualnosci\/kandydaci\/dla-mediow\/komunikaty-prasowe\/tylko-wspolnie-mozemy-pomoc-ziemi-naukowcy-z-uam-lacza-sily-na-rzecz-klimat<\/a><\/p>\n","protected":false},"excerpt":{"rendered":"<p>En la Universidad de Adam Mickiewicz en Pozna\u0144 (UAM), se estableci\u00f3 un Equipo de Trabajo para el cambio clim\u00e1tico y la crisis ambiental. Los cient\u00edficos preparar\u00e1n diagn\u00f3sticos, recomendaciones y cooperar\u00e1n con socios para proteger el clima. Los cient\u00edficos quieren desarrollar m\u00e9todos efectivos para informar a la sociedad sobre el cambio clim\u00e1tico y la crisis ambiental, [&hellip;]<\/p>\n","protected":false},"author":6,"featured_media":0,"comment_status":"closed","ping_status":"closed","sticky":false,"template":"","format":"standard","meta":[],"categories":[75],"tags":[],"_links":{"self":[{"href":"https:\/\/www.polishscience.pl\/es\/wp-json\/wp\/v2\/posts\/140068"}],"collection":[{"href":"https:\/\/www.polishscience.pl\/es\/wp-json\/wp\/v2\/posts"}],"about":[{"href":"https:\/\/www.polishscience.pl\/es\/wp-json\/wp\/v2\/types\/post"}],"author":[{"embeddable":true,"href":"https:\/\/www.polishscience.pl\/es\/wp-json\/wp\/v2\/users\/6"}],"replies":[{"embeddable":true,"href":"https:\/\/www.polishscience.pl\/es\/wp-json\/wp\/v2\/comments?post=140068"}],"version-history":[{"count":0,"href":"https:\/\/www.polishscience.pl\/es\/wp-json\/wp\/v2\/posts\/140068\/revisions"}],"wp:attachment":[{"href":"https:\/\/www.polishscience.pl\/es\/wp-json\/wp\/v2\/media?parent=140068"}],"wp:term":[{"taxonomy":"category","embeddable":true,"href":"https:\/\/www.polishscience.pl\/es\/wp-json\/wp\/v2\/categories?post=140068"},{"taxonomy":"post_tag","embeddable":true,"href":"https:\/\/www.polishscience.pl\/es\/wp-json\/wp\/v2\/tags?post=140068"}],"curies":[{"name":"wp","href":"https:\/\/api.w.org\/{rel}","templated":true}]}}