{"id":140064,"date":"2020-08-06T16:51:13","date_gmt":"2020-08-06T14:51:13","guid":{"rendered":"https:\/\/polishscience.pl\/?p=140064"},"modified":"2020-08-06T21:55:27","modified_gmt":"2020-08-06T19:55:27","slug":"estudiantes-de-la-universidad-de-zielona-gora-examinaron-como-los-polacos-usan-mascaras-protectoras","status":"publish","type":"post","link":"https:\/\/www.polishscience.pl\/es\/estudiantes-de-la-universidad-de-zielona-gora-examinaron-como-los-polacos-usan-mascaras-protectoras\/","title":{"rendered":"Estudiantes de la Universidad de Zielona G\u00f3ra examinaron c\u00f3mo los polacos usan m\u00e1scaras protectoras"},"content":{"rendered":"<p><strong>Estudiantes de Medicina impartida en el Collegium Medicum de la Universidad de Zielona G\u00f3ra realizaron un estudio observacional sobre el uso de m\u00e1scaras protectoras por parte de los polacos durante la pandemia de Covid-19. Los resultados indican claramente la urgente necesidad de campa\u00f1as promocionales para concienciar sobre la necesidad y los beneficios del uso correcto de las m\u00e1scaras, informa la universidad.<\/strong><\/p>\n<p>Fue el primer estudio de este tipo en Europa Central. Las observaciones se realizaron en las tres semanas consecutivas de mayo. En un momento acordado, los estudiantes observaron las personas que aparec\u00edan sucesivamente en el espacio p\u00fablico (calles, parques, tiendas) en 13 voivod\u00edas polacas.<\/p>\n<p>Las observaciones muestran que el 30 % de ;os polacos no usen m\u00e1scaras, a pesar de que la normativa gubernamental ordena su uso en espacios p\u00fablicos. El porcentaje de usuarios de mascarillas es particularmente bajo entre los hombres j\u00f3venes, y el error m\u00e1s com\u00fan que cometen los polacos que llevan mascarillas protectoras es exponer la nariz; m\u00e1s de la mitad de los encuestados lo hace.<\/p>\n","protected":false},"excerpt":{"rendered":"<p>Estudiantes de Medicina impartida en el Collegium Medicum de la Universidad de Zielona G\u00f3ra realizaron un estudio observacional sobre el uso de m\u00e1scaras protectoras por parte de los polacos durante la pandemia de Covid-19. Los resultados indican claramente la urgente necesidad de campa\u00f1as promocionales para concienciar sobre la necesidad y los beneficios del uso correcto [&hellip;]<\/p>\n","protected":false},"author":6,"featured_media":0,"comment_status":"closed","ping_status":"closed","sticky":false,"template":"","format":"standard","meta":[],"categories":[79],"tags":[],"_links":{"self":[{"href":"https:\/\/www.polishscience.pl\/es\/wp-json\/wp\/v2\/posts\/140064"}],"collection":[{"href":"https:\/\/www.polishscience.pl\/es\/wp-json\/wp\/v2\/posts"}],"about":[{"href":"https:\/\/www.polishscience.pl\/es\/wp-json\/wp\/v2\/types\/post"}],"author":[{"embeddable":true,"href":"https:\/\/www.polishscience.pl\/es\/wp-json\/wp\/v2\/users\/6"}],"replies":[{"embeddable":true,"href":"https:\/\/www.polishscience.pl\/es\/wp-json\/wp\/v2\/comments?post=140064"}],"version-history":[{"count":0,"href":"https:\/\/www.polishscience.pl\/es\/wp-json\/wp\/v2\/posts\/140064\/revisions"}],"wp:attachment":[{"href":"https:\/\/www.polishscience.pl\/es\/wp-json\/wp\/v2\/media?parent=140064"}],"wp:term":[{"taxonomy":"category","embeddable":true,"href":"https:\/\/www.polishscience.pl\/es\/wp-json\/wp\/v2\/categories?post=140064"},{"taxonomy":"post_tag","embeddable":true,"href":"https:\/\/www.polishscience.pl\/es\/wp-json\/wp\/v2\/tags?post=140064"}],"curies":[{"name":"wp","href":"https:\/\/api.w.org\/{rel}","templated":true}]}}