{"id":140054,"date":"2020-08-06T15:07:26","date_gmt":"2020-08-06T13:07:26","guid":{"rendered":"https:\/\/polishscience.pl\/?p=140054"},"modified":"2020-08-06T21:07:47","modified_gmt":"2020-08-06T19:07:47","slug":"la-universidad-tecnologica-de-koszalin-organiza-la-conferencia-la-masacre-de-katyn-en-la-percepcion-de-la-diaspora-polaca-y-la-opinion-internacional","status":"publish","type":"post","link":"https:\/\/www.polishscience.pl\/es\/la-universidad-tecnologica-de-koszalin-organiza-la-conferencia-la-masacre-de-katyn-en-la-percepcion-de-la-diaspora-polaca-y-la-opinion-internacional\/","title":{"rendered":"La Universidad Tecnol\u00f3gica de Koszalin organiza la conferencia \u00abLa masacre de Katyn en la percepci\u00f3n de la di\u00e1spora polaca y la opini\u00f3n internacional\u00bb"},"content":{"rendered":"<p><strong>La Facultad de Humanidades de la Universidad Tecnol\u00f3gica de Koszalin invita a la conferencia \u00abLa masacre de Katyn en la percepci\u00f3n de la di\u00e1spora polaca y la opini\u00f3n internacional\u00bb que tendr\u00e1 lugar los d\u00edas 12 y 13 de noviembre Las propuestas de ponencias pueden enviarse hasta el 10 de septiembre, informa la universidad.<\/strong><\/p>\n<p>Los organizadores proponen los siguientes bloques tem\u00e1ticos: la Masacre de Katyn en el periodismo, la prensa y la actividad cient\u00edfica de emigraci\u00f3n; iniciativas pol\u00edticas de refugiados polacos para explicar y castigar a los autores del crimen; la Masacre de Katyn en la memoria colectiva de los polacos en Polonia y en el exilio; y opini\u00f3n internacional sobre la Masacre de Katyn y sus perpetradores.<\/p>\n<p>La Facultad de Humanidades de la Universidad de Koszalin es uno de los principales centros del pa\u00eds que investiga varios aspectos del crimen. Fue por iniciativa de sus empleados que en 1995 se celebr\u00f3 la conferencia cient\u00edfica \u00abCr\u00edmenes de la NKVD en el territorio de las voivod\u00edas orientales de la Rep\u00fablica de Polonia 1939-1956\u00bb. Desde 2010, se han publicado estudios fuente de la serie \u00abLa Masacre de Katyn en la opini\u00f3n de los refugiados polacos en Gran Breta\u00f1a 1949-1990\u00bb.<\/p>\n","protected":false},"excerpt":{"rendered":"<p>La Facultad de Humanidades de la Universidad Tecnol\u00f3gica de Koszalin invita a la conferencia \u00abLa masacre de Katyn en la percepci\u00f3n de la di\u00e1spora polaca y la opini\u00f3n internacional\u00bb que tendr\u00e1 lugar los d\u00edas 12 y 13 de noviembre Las propuestas de ponencias pueden enviarse hasta el 10 de septiembre, informa la universidad. Los organizadores [&hellip;]<\/p>\n","protected":false},"author":6,"featured_media":0,"comment_status":"closed","ping_status":"closed","sticky":false,"template":"","format":"standard","meta":[],"categories":[81,77],"tags":[],"_links":{"self":[{"href":"https:\/\/www.polishscience.pl\/es\/wp-json\/wp\/v2\/posts\/140054"}],"collection":[{"href":"https:\/\/www.polishscience.pl\/es\/wp-json\/wp\/v2\/posts"}],"about":[{"href":"https:\/\/www.polishscience.pl\/es\/wp-json\/wp\/v2\/types\/post"}],"author":[{"embeddable":true,"href":"https:\/\/www.polishscience.pl\/es\/wp-json\/wp\/v2\/users\/6"}],"replies":[{"embeddable":true,"href":"https:\/\/www.polishscience.pl\/es\/wp-json\/wp\/v2\/comments?post=140054"}],"version-history":[{"count":0,"href":"https:\/\/www.polishscience.pl\/es\/wp-json\/wp\/v2\/posts\/140054\/revisions"}],"wp:attachment":[{"href":"https:\/\/www.polishscience.pl\/es\/wp-json\/wp\/v2\/media?parent=140054"}],"wp:term":[{"taxonomy":"category","embeddable":true,"href":"https:\/\/www.polishscience.pl\/es\/wp-json\/wp\/v2\/categories?post=140054"},{"taxonomy":"post_tag","embeddable":true,"href":"https:\/\/www.polishscience.pl\/es\/wp-json\/wp\/v2\/tags?post=140054"}],"curies":[{"name":"wp","href":"https:\/\/api.w.org\/{rel}","templated":true}]}}