{"id":139249,"date":"2020-08-03T14:32:57","date_gmt":"2020-08-03T12:32:57","guid":{"rendered":"https:\/\/polishscience.pl\/?p=139249"},"modified":"2020-08-03T18:03:06","modified_gmt":"2020-08-03T16:03:06","slug":"conferencia-cientifica-desafios-y-cambios-sociales-en-el-siglo-xxi","status":"publish","type":"post","link":"https:\/\/www.polishscience.pl\/es\/conferencia-cientifica-desafios-y-cambios-sociales-en-el-siglo-xxi\/","title":{"rendered":"Conferencia cient\u00edfica \u00abDesaf\u00edos y cambios sociales en el siglo XXI\u00bb"},"content":{"rendered":"<p><strong>La Fundaci\u00f3n TYGIEL para la Promoci\u00f3n de la Ciencia y el Desarrollo organiza la 2\u00ba Conferencia Nacional Cient\u00edfica \u00abDesaf\u00edos y cambios sociales en el siglo XXI\u00bb, que se llevar\u00e1 a cabo en l\u00ednea el 6 de agosto de 2020.<\/strong><\/p>\n<p>Los incidentes relacionados con la amenaza a la seguridad sanitaria y epidemiol\u00f3gica, la introducci\u00f3n violenta de varias \u00f3rdenes y prohibiciones plantean problemas a los que se enfrentan los investigadores en el campo de las ciencias sociales y afines, informa la Fundaci\u00f3n TYGIEL.<\/p>\n<p>Los organizadores invitan a representantes de ciencias sociales y humanidades a prestar atenci\u00f3n a las siguientes \u00e1reas: innovaciones sociales, pol\u00edtica familiar y social, medios de comunicaci\u00f3n en el espacio social, actividades ecol\u00f3gicas, rehabilitaci\u00f3n y prevenci\u00f3n social, activaci\u00f3n social de personas con discapacidad.<\/p>\n<p>M\u00e1s:\u00a0 <a href=\"https:\/\/fundacja-tygiel.pl\/ii-ogolnopolska-konferencja-naukowa-wyzwania-i-zmiany-spoleczne-w-xxi-wieku-online\/\">https:\/\/fundacja-tygiel.pl\/ii-ogolnopolska-konferencja-naukowa-wyzwania-i-zmiany-spoleczne-w-xxi-wieku-online\/<\/a><\/p>\n","protected":false},"excerpt":{"rendered":"<p>La Fundaci\u00f3n TYGIEL para la Promoci\u00f3n de la Ciencia y el Desarrollo organiza la 2\u00ba Conferencia Nacional Cient\u00edfica \u00abDesaf\u00edos y cambios sociales en el siglo XXI\u00bb, que se llevar\u00e1 a cabo en l\u00ednea el 6 de agosto de 2020. Los incidentes relacionados con la amenaza a la seguridad sanitaria y epidemiol\u00f3gica, la introducci\u00f3n violenta de [&hellip;]<\/p>\n","protected":false},"author":6,"featured_media":0,"comment_status":"closed","ping_status":"closed","sticky":false,"template":"","format":"standard","meta":[],"categories":[81],"tags":[],"_links":{"self":[{"href":"https:\/\/www.polishscience.pl\/es\/wp-json\/wp\/v2\/posts\/139249"}],"collection":[{"href":"https:\/\/www.polishscience.pl\/es\/wp-json\/wp\/v2\/posts"}],"about":[{"href":"https:\/\/www.polishscience.pl\/es\/wp-json\/wp\/v2\/types\/post"}],"author":[{"embeddable":true,"href":"https:\/\/www.polishscience.pl\/es\/wp-json\/wp\/v2\/users\/6"}],"replies":[{"embeddable":true,"href":"https:\/\/www.polishscience.pl\/es\/wp-json\/wp\/v2\/comments?post=139249"}],"version-history":[{"count":0,"href":"https:\/\/www.polishscience.pl\/es\/wp-json\/wp\/v2\/posts\/139249\/revisions"}],"wp:attachment":[{"href":"https:\/\/www.polishscience.pl\/es\/wp-json\/wp\/v2\/media?parent=139249"}],"wp:term":[{"taxonomy":"category","embeddable":true,"href":"https:\/\/www.polishscience.pl\/es\/wp-json\/wp\/v2\/categories?post=139249"},{"taxonomy":"post_tag","embeddable":true,"href":"https:\/\/www.polishscience.pl\/es\/wp-json\/wp\/v2\/tags?post=139249"}],"curies":[{"name":"wp","href":"https:\/\/api.w.org\/{rel}","templated":true}]}}