{"id":138593,"date":"2020-07-28T15:09:18","date_gmt":"2020-07-28T13:09:18","guid":{"rendered":"https:\/\/polishscience.pl\/?p=138593"},"modified":"2020-07-28T17:13:41","modified_gmt":"2020-07-28T15:13:41","slug":"taller-sobre-solicitudes-para-subvenciones-del-erc","status":"publish","type":"post","link":"https:\/\/www.polishscience.pl\/es\/taller-sobre-solicitudes-para-subvenciones-del-erc\/","title":{"rendered":"Taller sobre solicitudes para subvenciones del ERC"},"content":{"rendered":"<p><strong>La Academia Polaca de Ciencias y el Instituto de Ciencias Humanas de Viena pone a disposici\u00f3n de los cient\u00edficos interesados un taller sobre la preparaci\u00f3n de solicitudes para subvenciones del Consejo Europeo de Investigaci\u00f3n (ERC).<\/strong><\/p>\n<p>Esta es una propuesta dirigida a investigadores que representan las humanidades y las ciencias sociales. La consulta tendr\u00e1 lugar en l\u00ednea los d\u00edas 4 y 5 de septiembre. EL plazo de inscripci\u00f3n dura hasta el 11 de agosto.<\/p>\n<p>Durante los talleres de dos d\u00edas los expertos y mentores de ERC compartir\u00e1n sus conocimientos y experiencia relacionados con la preparaci\u00f3n del formulario de solicitud. Los participantes podr\u00e1n presentar su proyecto de investigaci\u00f3n y consultarlo individualmente.<\/p>\n<p>La capacitaci\u00f3n se llevar\u00e1 a cabo en ingl\u00e9s.<\/p>\n<p>M\u00e1s:<br \/>\n<a href=\"https:\/\/docs.google.com\/forms\/d\/e\/1FAIpQLSfrQoJz5nH9j0-O1q_WKmvrXUFbsRmrlnkbPL321yY4ZDldHw\/viewform?fbzx=2872395361258842082\">https:\/\/docs.google.com\/forms\/d\/e\/1FAIpQLSfrQoJz5nH9j0-O1q_WKmvrXUFbsRmrlnkbPL321yY4ZDldHw\/viewform?fbzx=2872395361258842082<\/a><\/p>\n","protected":false},"excerpt":{"rendered":"<p>La Academia Polaca de Ciencias y el Instituto de Ciencias Humanas de Viena pone a disposici\u00f3n de los cient\u00edficos interesados un taller sobre la preparaci\u00f3n de solicitudes para subvenciones del Consejo Europeo de Investigaci\u00f3n (ERC). Esta es una propuesta dirigida a investigadores que representan las humanidades y las ciencias sociales. La consulta tendr\u00e1 lugar en [&hellip;]<\/p>\n","protected":false},"author":6,"featured_media":0,"comment_status":"closed","ping_status":"closed","sticky":false,"template":"","format":"standard","meta":[],"categories":[81,76],"tags":[],"_links":{"self":[{"href":"https:\/\/www.polishscience.pl\/es\/wp-json\/wp\/v2\/posts\/138593"}],"collection":[{"href":"https:\/\/www.polishscience.pl\/es\/wp-json\/wp\/v2\/posts"}],"about":[{"href":"https:\/\/www.polishscience.pl\/es\/wp-json\/wp\/v2\/types\/post"}],"author":[{"embeddable":true,"href":"https:\/\/www.polishscience.pl\/es\/wp-json\/wp\/v2\/users\/6"}],"replies":[{"embeddable":true,"href":"https:\/\/www.polishscience.pl\/es\/wp-json\/wp\/v2\/comments?post=138593"}],"version-history":[{"count":0,"href":"https:\/\/www.polishscience.pl\/es\/wp-json\/wp\/v2\/posts\/138593\/revisions"}],"wp:attachment":[{"href":"https:\/\/www.polishscience.pl\/es\/wp-json\/wp\/v2\/media?parent=138593"}],"wp:term":[{"taxonomy":"category","embeddable":true,"href":"https:\/\/www.polishscience.pl\/es\/wp-json\/wp\/v2\/categories?post=138593"},{"taxonomy":"post_tag","embeddable":true,"href":"https:\/\/www.polishscience.pl\/es\/wp-json\/wp\/v2\/tags?post=138593"}],"curies":[{"name":"wp","href":"https:\/\/api.w.org\/{rel}","templated":true}]}}