{"id":138050,"date":"2020-07-23T13:22:57","date_gmt":"2020-07-23T11:22:57","guid":{"rendered":"https:\/\/polishscience.pl\/?p=138050"},"modified":"2020-07-23T18:10:34","modified_gmt":"2020-07-23T16:10:34","slug":"los-cientificos-investigaron-las-diferencias-en-la-susceptibilidad-a-las-alteraciones-de-gusto-y-olfato-en-covid-19","status":"publish","type":"post","link":"https:\/\/www.polishscience.pl\/es\/los-cientificos-investigaron-las-diferencias-en-la-susceptibilidad-a-las-alteraciones-de-gusto-y-olfato-en-covid-19\/","title":{"rendered":"Los cient\u00edficos investigaron las diferencias en la susceptibilidad a las alteraciones de gusto y olfato en COVID-19"},"content":{"rendered":"<p><strong>El Dr. Rafa\u0142 Butowt, de la Universidad Nicol\u00e1s Cop\u00e9rnico, Christopher S. von Bartheld y Molly M. Hagen de la Universidad de Nevada examinaron las diferencias en la susceptibilidad a los trastornos olfativos y gustativos en COVID-19 entre pacientes en Asia, Europa y Am\u00e9rica.<\/strong><\/p>\n<p>Los cient\u00edficos llevaron a cabo un metaan\u00e1lisis de los trastornos quimiosensoriales (<span class=\"st\">gusto y olfato<\/span>). Analizando los resultados de varias docenas de estudios de varios laboratorios y datos sobre pacientes con COVID-19 de diferentes regiones del mundo, concluyeron que la probabilidad de estos trastornos es de tres a seis veces mayor en la raza cauc\u00e1sica que en los habitantes del este de Asia.<\/p>\n<p>Este resultado muestra que los factores gen\u00e9ticos tienen un impacto significativo en la incidencia de COVID-19. Los investigadores tambi\u00e9n sospechan que una mayor susceptibilidad a los trastornos olfativos y\u00a0 gustativos en COVID-19 se asocia con una mayor incidencia de pacientes sin s\u00edntomas respiratorios y sin fiebre, lo que se correlaciona positivamente con una mayor transmisi\u00f3n del virus entre las personas, informa la Universidad.<\/p>\n<p>M\u00e1s: <a href=\"https:\/\/www.umk.pl\/wiadomosci\/?id=26836\">https:\/\/www.umk.pl\/wiadomosci\/?id=26836<\/a><\/p>\n","protected":false},"excerpt":{"rendered":"<p>El Dr. Rafa\u0142 Butowt, de la Universidad Nicol\u00e1s Cop\u00e9rnico, Christopher S. von Bartheld y Molly M. Hagen de la Universidad de Nevada examinaron las diferencias en la susceptibilidad a los trastornos olfativos y gustativos en COVID-19 entre pacientes en Asia, Europa y Am\u00e9rica. Los cient\u00edficos llevaron a cabo un metaan\u00e1lisis de los trastornos quimiosensoriales (gusto [&hellip;]<\/p>\n","protected":false},"author":6,"featured_media":0,"comment_status":"closed","ping_status":"closed","sticky":false,"template":"","format":"standard","meta":[],"categories":[79],"tags":[],"_links":{"self":[{"href":"https:\/\/www.polishscience.pl\/es\/wp-json\/wp\/v2\/posts\/138050"}],"collection":[{"href":"https:\/\/www.polishscience.pl\/es\/wp-json\/wp\/v2\/posts"}],"about":[{"href":"https:\/\/www.polishscience.pl\/es\/wp-json\/wp\/v2\/types\/post"}],"author":[{"embeddable":true,"href":"https:\/\/www.polishscience.pl\/es\/wp-json\/wp\/v2\/users\/6"}],"replies":[{"embeddable":true,"href":"https:\/\/www.polishscience.pl\/es\/wp-json\/wp\/v2\/comments?post=138050"}],"version-history":[{"count":0,"href":"https:\/\/www.polishscience.pl\/es\/wp-json\/wp\/v2\/posts\/138050\/revisions"}],"wp:attachment":[{"href":"https:\/\/www.polishscience.pl\/es\/wp-json\/wp\/v2\/media?parent=138050"}],"wp:term":[{"taxonomy":"category","embeddable":true,"href":"https:\/\/www.polishscience.pl\/es\/wp-json\/wp\/v2\/categories?post=138050"},{"taxonomy":"post_tag","embeddable":true,"href":"https:\/\/www.polishscience.pl\/es\/wp-json\/wp\/v2\/tags?post=138050"}],"curies":[{"name":"wp","href":"https:\/\/api.w.org\/{rel}","templated":true}]}}