{"id":137498,"date":"2020-07-20T13:55:41","date_gmt":"2020-07-20T11:55:41","guid":{"rendered":"https:\/\/polishscience.pl\/?p=137498"},"modified":"2020-07-20T18:09:48","modified_gmt":"2020-07-20T16:09:48","slug":"la-universidad-de-lodz-tendra-la-primera-mujer-rectora","status":"publish","type":"post","link":"https:\/\/www.polishscience.pl\/es\/la-universidad-de-lodz-tendra-la-primera-mujer-rectora\/","title":{"rendered":"La Universidad de \u0141\u00f3d\u017a tendr\u00e1 la primera mujer rectora"},"content":{"rendered":"<p><strong>La Prof.\u00aa El\u017cbieta \u017b\u0105dzi\u0144ska fue elegida nueva rectora de la Universidad de \u0141\u00f3d\u017a (U\u0141) para el per\u00edodo 2020-2024. Ella es la primera mujer en dirigir esta instituci\u00f3n.<\/strong><\/p>\n<p>La Prof.\u00aa El\u017cbieta \u017b\u0105dzi\u0144ska se gradu\u00f3 en estudios biol\u00f3gicos por la Universidad de \u0141\u00f3d\u017a en 1990. En 1999, obtuvo doctorado en ciencias biol\u00f3gicas y en 2005, el t\u00edtulo de doctor habilitado en ciencias biol\u00f3gicas. En 2014, se convirti\u00f3 en profesora.<\/p>\n<p>Durante 25 a\u00f1os de trabajo en la Universidad de \u0141\u00f3d\u017a, complet\u00f3 todas las etapas de carrera cient\u00edfica. En <span class=\"st\"> el per\u00edodo <\/span>2005\u20132008 fue vicedecana de la Facultad de Biolog\u00eda y Protecci\u00f3n del Medio Ambiente, y durante los siguientes ocho a\u00f1os fue decana. En 2016, se convirti\u00f3 en la vicerrectora de Ciencia. Desde 2014, ha sido investigadora visitante honoraria de la Facultad de Ciencias M\u00e9dicas de la Universidad de Adelaida (Honorary Visiting Research Fellow School of Medical Sciences University of Adelaide).<\/p>\n","protected":false},"excerpt":{"rendered":"<p>La Prof.\u00aa El\u017cbieta \u017b\u0105dzi\u0144ska fue elegida nueva rectora de la Universidad de \u0141\u00f3d\u017a (U\u0141) para el per\u00edodo 2020-2024. Ella es la primera mujer en dirigir esta instituci\u00f3n. La Prof.\u00aa El\u017cbieta \u017b\u0105dzi\u0144ska se gradu\u00f3 en estudios biol\u00f3gicos por la Universidad de \u0141\u00f3d\u017a en 1990. En 1999, obtuvo doctorado en ciencias biol\u00f3gicas y en 2005, el t\u00edtulo [&hellip;]<\/p>\n","protected":false},"author":6,"featured_media":0,"comment_status":"closed","ping_status":"closed","sticky":false,"template":"","format":"standard","meta":[],"categories":[75],"tags":[],"_links":{"self":[{"href":"https:\/\/www.polishscience.pl\/es\/wp-json\/wp\/v2\/posts\/137498"}],"collection":[{"href":"https:\/\/www.polishscience.pl\/es\/wp-json\/wp\/v2\/posts"}],"about":[{"href":"https:\/\/www.polishscience.pl\/es\/wp-json\/wp\/v2\/types\/post"}],"author":[{"embeddable":true,"href":"https:\/\/www.polishscience.pl\/es\/wp-json\/wp\/v2\/users\/6"}],"replies":[{"embeddable":true,"href":"https:\/\/www.polishscience.pl\/es\/wp-json\/wp\/v2\/comments?post=137498"}],"version-history":[{"count":0,"href":"https:\/\/www.polishscience.pl\/es\/wp-json\/wp\/v2\/posts\/137498\/revisions"}],"wp:attachment":[{"href":"https:\/\/www.polishscience.pl\/es\/wp-json\/wp\/v2\/media?parent=137498"}],"wp:term":[{"taxonomy":"category","embeddable":true,"href":"https:\/\/www.polishscience.pl\/es\/wp-json\/wp\/v2\/categories?post=137498"},{"taxonomy":"post_tag","embeddable":true,"href":"https:\/\/www.polishscience.pl\/es\/wp-json\/wp\/v2\/tags?post=137498"}],"curies":[{"name":"wp","href":"https:\/\/api.w.org\/{rel}","templated":true}]}}