{"id":136880,"date":"2020-07-15T13:08:23","date_gmt":"2020-07-15T11:08:23","guid":{"rendered":"https:\/\/polishscience.pl\/?p=136880"},"modified":"2020-07-15T15:17:18","modified_gmt":"2020-07-15T13:17:18","slug":"la-universidad-de-rzeszow-lanza-nuevo-grado-en-politica-ambiental","status":"publish","type":"post","link":"https:\/\/www.polishscience.pl\/es\/la-universidad-de-rzeszow-lanza-nuevo-grado-en-politica-ambiental\/","title":{"rendered":"La Universidad de Rzesz\u00f3w lanza nuevo Grado en Pol\u00edtica ambiental"},"content":{"rendered":"<p><strong>Pol\u00edtica ambiental es una nueva especialidad que el Instituto de Ciencias Pol\u00edticas de la Universidad de Rzesz\u00f3w (UR) implementar\u00e1 en el M\u00e1ster en Ciencias Pol\u00edticas en el curso 2020\/2021.<\/strong><\/p>\n<p>El programa cubre diversos aspectos relacionados con la pol\u00edtica ambiental. Los estudiantes proporcionan una formaci\u00f3n s\u00f3lida en problemas y desaf\u00edos ambientales en la dimensi\u00f3n local, regional e internacional que resultan del desarrollo de la civilizaci\u00f3n.<\/p>\n<p>\u201cLas cuestiones relacionadas con los desaf\u00edos ambientales son de actualidad y muy importantes. Queremos educar a especialistas en esta \u00e1rea\u201d, dice la Prof.\u00aa Agnieszka Paw\u0142owska, directora del Instituto de Ciencias Pol\u00edticas UR.<br \/>\nSeg\u00fan la UR, la formaci\u00f3n permitir\u00e1 al graduado administrar las unidades de administraci\u00f3n gubernamentales y aut\u00f3nomas, as\u00ed como las instituciones y organizaciones cuyo perfil de actividad cae dentro del alcance de las actividades de inter\u00e9s ecol\u00f3gico.<\/p>\n","protected":false},"excerpt":{"rendered":"<p>Pol\u00edtica ambiental es una nueva especialidad que el Instituto de Ciencias Pol\u00edticas de la Universidad de Rzesz\u00f3w (UR) implementar\u00e1 en el M\u00e1ster en Ciencias Pol\u00edticas en el curso 2020\/2021. El programa cubre diversos aspectos relacionados con la pol\u00edtica ambiental. Los estudiantes proporcionan una formaci\u00f3n s\u00f3lida en problemas y desaf\u00edos ambientales en la dimensi\u00f3n local, regional [&hellip;]<\/p>\n","protected":false},"author":6,"featured_media":0,"comment_status":"closed","ping_status":"closed","sticky":false,"template":"","format":"standard","meta":[],"categories":[75],"tags":[],"_links":{"self":[{"href":"https:\/\/www.polishscience.pl\/es\/wp-json\/wp\/v2\/posts\/136880"}],"collection":[{"href":"https:\/\/www.polishscience.pl\/es\/wp-json\/wp\/v2\/posts"}],"about":[{"href":"https:\/\/www.polishscience.pl\/es\/wp-json\/wp\/v2\/types\/post"}],"author":[{"embeddable":true,"href":"https:\/\/www.polishscience.pl\/es\/wp-json\/wp\/v2\/users\/6"}],"replies":[{"embeddable":true,"href":"https:\/\/www.polishscience.pl\/es\/wp-json\/wp\/v2\/comments?post=136880"}],"version-history":[{"count":0,"href":"https:\/\/www.polishscience.pl\/es\/wp-json\/wp\/v2\/posts\/136880\/revisions"}],"wp:attachment":[{"href":"https:\/\/www.polishscience.pl\/es\/wp-json\/wp\/v2\/media?parent=136880"}],"wp:term":[{"taxonomy":"category","embeddable":true,"href":"https:\/\/www.polishscience.pl\/es\/wp-json\/wp\/v2\/categories?post=136880"},{"taxonomy":"post_tag","embeddable":true,"href":"https:\/\/www.polishscience.pl\/es\/wp-json\/wp\/v2\/tags?post=136880"}],"curies":[{"name":"wp","href":"https:\/\/api.w.org\/{rel}","templated":true}]}}