{"id":135410,"date":"2020-07-03T14:29:50","date_gmt":"2020-07-03T12:29:50","guid":{"rendered":"https:\/\/polishscience.pl\/?p=135410"},"modified":"2020-07-03T15:35:21","modified_gmt":"2020-07-03T13:35:21","slug":"nuevo-grado-y-master-en-logopedia-en-la-escuela-superior-de-formacion-profesional-en-elblag","status":"publish","type":"post","link":"https:\/\/www.polishscience.pl\/es\/nuevo-grado-y-master-en-logopedia-en-la-escuela-superior-de-formacion-profesional-en-elblag\/","title":{"rendered":"Nuevo Grado y M\u00e1ster en Logopedia en la Escuela Superior de Formaci\u00f3n Profesional en Elbl\u0105g"},"content":{"rendered":"<p><strong>La Escuela Superior de Formaci\u00f3n Profesional (PWSZ) en Elbl\u0105g recibi\u00f3 una decisi\u00f3n positiva del Ministerio de Ciencia y Educaci\u00f3n Superior con respecto a la concesi\u00f3n del derecho a implementar estudios de Grado y M\u00e1ster en Logopedia, informa el Prof. Ing. Zbigniew Walczyk, rector de la Escuela.<\/strong><\/p>\n<p>La educaci\u00f3n a nivel acad\u00e9mico de Grado durar\u00e1 tres a\u00f1os (seis semestres, incluidas 270 horas de aprendizaje). Los graduados estar\u00e1n preparados para diagnosticar y llevar a cabo la terapia del trastorno del habla a nivel de asesoramiento general. Tambi\u00e9n podr\u00e1n estar a cargo de funciones educativas y de cuidado, apoyar el desarrollo de ni\u00f1os y alumnos, satisfacer sus necesidades educativas especiales en el campo de la comunicaci\u00f3n y cooperaci\u00f3n con docentes y psic\u00f3logos.<\/p>\n<p>Al continuar estudios complementarios a nivel de M\u00e1ster (de dos a\u00f1os de duraci\u00f3n, 4 semestres incluyendo 240 horas de aprendizaje) los estudiantes elegir\u00e1n un diploma de neurociencia.<\/p>\n","protected":false},"excerpt":{"rendered":"<p>La Escuela Superior de Formaci\u00f3n Profesional (PWSZ) en Elbl\u0105g recibi\u00f3 una decisi\u00f3n positiva del Ministerio de Ciencia y Educaci\u00f3n Superior con respecto a la concesi\u00f3n del derecho a implementar estudios de Grado y M\u00e1ster en Logopedia, informa el Prof. Ing. Zbigniew Walczyk, rector de la Escuela. La educaci\u00f3n a nivel acad\u00e9mico de Grado durar\u00e1 tres [&hellip;]<\/p>\n","protected":false},"author":6,"featured_media":0,"comment_status":"closed","ping_status":"closed","sticky":false,"template":"","format":"standard","meta":[],"categories":[75],"tags":[],"_links":{"self":[{"href":"https:\/\/www.polishscience.pl\/es\/wp-json\/wp\/v2\/posts\/135410"}],"collection":[{"href":"https:\/\/www.polishscience.pl\/es\/wp-json\/wp\/v2\/posts"}],"about":[{"href":"https:\/\/www.polishscience.pl\/es\/wp-json\/wp\/v2\/types\/post"}],"author":[{"embeddable":true,"href":"https:\/\/www.polishscience.pl\/es\/wp-json\/wp\/v2\/users\/6"}],"replies":[{"embeddable":true,"href":"https:\/\/www.polishscience.pl\/es\/wp-json\/wp\/v2\/comments?post=135410"}],"version-history":[{"count":0,"href":"https:\/\/www.polishscience.pl\/es\/wp-json\/wp\/v2\/posts\/135410\/revisions"}],"wp:attachment":[{"href":"https:\/\/www.polishscience.pl\/es\/wp-json\/wp\/v2\/media?parent=135410"}],"wp:term":[{"taxonomy":"category","embeddable":true,"href":"https:\/\/www.polishscience.pl\/es\/wp-json\/wp\/v2\/categories?post=135410"},{"taxonomy":"post_tag","embeddable":true,"href":"https:\/\/www.polishscience.pl\/es\/wp-json\/wp\/v2\/tags?post=135410"}],"curies":[{"name":"wp","href":"https:\/\/api.w.org\/{rel}","templated":true}]}}