{"id":134645,"date":"2020-06-29T13:58:28","date_gmt":"2020-06-29T11:58:28","guid":{"rendered":"http:\/\/polishscience.pl\/?p=134645"},"modified":"2020-06-29T21:14:13","modified_gmt":"2020-06-29T19:14:13","slug":"la-universidad-medica-de-wroclaw-acoge-conferencia-health-technology-in-connected-integrated-care","status":"publish","type":"post","link":"https:\/\/www.polishscience.pl\/es\/la-universidad-medica-de-wroclaw-acoge-conferencia-health-technology-in-connected-integrated-care\/","title":{"rendered":"La Universidad M\u00e9dica de Wroc\u0142aw acoge conferencia Health Technology in Connected &#038; Integrated Care"},"content":{"rendered":"<p><strong>La Universidad M\u00e9dica de Wroc\u0142aw acoger\u00e1 la conferencia<em> Health Technology in Connected &amp; Integrated Care<\/em>, que tendr\u00e1 lugar del 2 al 3 de julio. El prop\u00f3sito de la reuni\u00f3n es determinar el impacto de las nuevas regulaciones legales en la medicina personalizada y concluir cu\u00e1les de estas regulaciones se puedan introducir a nivel regional.<\/strong><\/p>\n<p>Los organizadores cuentan con el intercambio de experiencias entre representantes de las autoridades locales, instituciones cient\u00edficas, organizaciones de pacientes, proveedores de atenci\u00f3n m\u00e9dica, instituciones responsables de administrar la atenci\u00f3n m\u00e9dica y los sistemas de informaci\u00f3n en atenci\u00f3n m\u00e9dica, bien como los empresarios que se ocupan de tecnolog\u00edas centradas en la salud en la atenci\u00f3n integrada.<\/p>\n<p>Las sesiones se centrar\u00e1n en combinar el aspecto regulatorio con tecnolog\u00edas de salud personalizadas, participaci\u00f3n del paciente y evaluaci\u00f3n de innovaciones en el \u00e1mbito de Health Technology Assessment. Tambi\u00e9n se planea una visita en l\u00ednea al Centro de Simulaci\u00f3n M\u00e9dica, informa la Universidad.<\/p>\n","protected":false},"excerpt":{"rendered":"<p>La Universidad M\u00e9dica de Wroc\u0142aw acoger\u00e1 la conferencia Health Technology in Connected &amp; Integrated Care, que tendr\u00e1 lugar del 2 al 3 de julio. El prop\u00f3sito de la reuni\u00f3n es determinar el impacto de las nuevas regulaciones legales en la medicina personalizada y concluir cu\u00e1les de estas regulaciones se puedan introducir a nivel regional. Los [&hellip;]<\/p>\n","protected":false},"author":6,"featured_media":0,"comment_status":"closed","ping_status":"closed","sticky":false,"template":"","format":"standard","meta":[],"categories":[81,79],"tags":[],"_links":{"self":[{"href":"https:\/\/www.polishscience.pl\/es\/wp-json\/wp\/v2\/posts\/134645"}],"collection":[{"href":"https:\/\/www.polishscience.pl\/es\/wp-json\/wp\/v2\/posts"}],"about":[{"href":"https:\/\/www.polishscience.pl\/es\/wp-json\/wp\/v2\/types\/post"}],"author":[{"embeddable":true,"href":"https:\/\/www.polishscience.pl\/es\/wp-json\/wp\/v2\/users\/6"}],"replies":[{"embeddable":true,"href":"https:\/\/www.polishscience.pl\/es\/wp-json\/wp\/v2\/comments?post=134645"}],"version-history":[{"count":0,"href":"https:\/\/www.polishscience.pl\/es\/wp-json\/wp\/v2\/posts\/134645\/revisions"}],"wp:attachment":[{"href":"https:\/\/www.polishscience.pl\/es\/wp-json\/wp\/v2\/media?parent=134645"}],"wp:term":[{"taxonomy":"category","embeddable":true,"href":"https:\/\/www.polishscience.pl\/es\/wp-json\/wp\/v2\/categories?post=134645"},{"taxonomy":"post_tag","embeddable":true,"href":"https:\/\/www.polishscience.pl\/es\/wp-json\/wp\/v2\/tags?post=134645"}],"curies":[{"name":"wp","href":"https:\/\/api.w.org\/{rel}","templated":true}]}}