{"id":134343,"date":"2020-06-26T14:10:33","date_gmt":"2020-06-26T12:10:33","guid":{"rendered":"http:\/\/polishscience.pl\/?p=134343"},"modified":"2020-06-26T14:10:33","modified_gmt":"2020-06-26T12:10:33","slug":"cientificos-piden-que-se-cree-una-fundacion-humanitaria-europea","status":"publish","type":"post","link":"https:\/\/www.polishscience.pl\/es\/cientificos-piden-que-se-cree-una-fundacion-humanitaria-europea\/","title":{"rendered":"Cient\u00edficos piden que se cree una fundaci\u00f3n humanitaria europea"},"content":{"rendered":"<p><strong>Cuatro cient\u00edficos polacos est\u00e1n entre los firmantes de una carta abierta en la que piden que se establezca una fundaci\u00f3n humanitaria europea responsable de prevenir y contrarrestar las crisis ambientales y de salud.<\/strong><\/p>\n<p>La carta fue publicada el mi\u00e9rcoles 24 de junio por la revista Nature.<\/p>\n<p>La crisis asociada con la epidemia de COVID-19 ha demostrado claramente que, ante una cat\u00e1strofe, los sistemas nacionales de administraci\u00f3n p\u00fablica a menudo no pueden responder de manera adecuada y r\u00e1pida a la necesidad emergente de asistencia humanitaria, m\u00e9dica o de investigaci\u00f3n en Europa, escriben acad\u00e9micos.<\/p>\n<p>La carta fue firmada por 75 cient\u00edficos europeos de 15 pa\u00edses, incluidos tres cient\u00edficos de la Universidad Jaguel\u00f3nica en Cracovia: el Prof. J\u00f3zef Dulak, Prof. Jan Potempa, Prof. Krzysztof Pyr\u0107 y el Prof. Ewa \u0141ojkowska de la Universidad de Gda\u0144sk.<\/p>\n<p>M\u00e1s:<br \/>\n<a href=\"https:\/\/www.nature.com\/articles\/d41586-020-01869-6?utm_source=feedburner&amp;utm_medium=feed&amp;utm_campaign=Feed%3A+nature%2Frss%2Fcurrent+%28Nature+-+Issue%29\">https:\/\/www.nature.com\/articles\/d41586-020-01869-6?utm_source=feedburner&amp;utm_medium=feed&amp;utm_campaign=Feed%3A+nature%2Frss%2Fcurrent+%28Nature+-+Issue%29<\/a><\/p>\n","protected":false},"excerpt":{"rendered":"<p>Cuatro cient\u00edficos polacos est\u00e1n entre los firmantes de una carta abierta en la que piden que se establezca una fundaci\u00f3n humanitaria europea responsable de prevenir y contrarrestar las crisis ambientales y de salud. La carta fue publicada el mi\u00e9rcoles 24 de junio por la revista Nature. La crisis asociada con la epidemia de COVID-19 ha [&hellip;]<\/p>\n","protected":false},"author":6,"featured_media":0,"comment_status":"closed","ping_status":"closed","sticky":false,"template":"","format":"standard","meta":[],"categories":[81],"tags":[],"_links":{"self":[{"href":"https:\/\/www.polishscience.pl\/es\/wp-json\/wp\/v2\/posts\/134343"}],"collection":[{"href":"https:\/\/www.polishscience.pl\/es\/wp-json\/wp\/v2\/posts"}],"about":[{"href":"https:\/\/www.polishscience.pl\/es\/wp-json\/wp\/v2\/types\/post"}],"author":[{"embeddable":true,"href":"https:\/\/www.polishscience.pl\/es\/wp-json\/wp\/v2\/users\/6"}],"replies":[{"embeddable":true,"href":"https:\/\/www.polishscience.pl\/es\/wp-json\/wp\/v2\/comments?post=134343"}],"version-history":[{"count":0,"href":"https:\/\/www.polishscience.pl\/es\/wp-json\/wp\/v2\/posts\/134343\/revisions"}],"wp:attachment":[{"href":"https:\/\/www.polishscience.pl\/es\/wp-json\/wp\/v2\/media?parent=134343"}],"wp:term":[{"taxonomy":"category","embeddable":true,"href":"https:\/\/www.polishscience.pl\/es\/wp-json\/wp\/v2\/categories?post=134343"},{"taxonomy":"post_tag","embeddable":true,"href":"https:\/\/www.polishscience.pl\/es\/wp-json\/wp\/v2\/tags?post=134343"}],"curies":[{"name":"wp","href":"https:\/\/api.w.org\/{rel}","templated":true}]}}