{"id":133812,"date":"2020-06-23T12:05:40","date_gmt":"2020-06-23T10:05:40","guid":{"rendered":"http:\/\/polishscience.pl\/?p=133812"},"modified":"2020-06-23T15:11:39","modified_gmt":"2020-06-23T13:11:39","slug":"seminario-web-enfrentamientos-con-totalitarismos-y-formacion-de-libertad-religiosa","status":"publish","type":"post","link":"https:\/\/www.polishscience.pl\/es\/seminario-web-enfrentamientos-con-totalitarismos-y-formacion-de-libertad-religiosa\/","title":{"rendered":"Seminario web \u00abEnfrentamientos con totalitarismos y formaci\u00f3n de libertad religiosa\u00bb"},"content":{"rendered":"<p><strong>El Centro Europeo de Investigaci\u00f3n Pol\u00edtica de la Universidad de \u0141\u00f3d\u017a (U\u0141) invita al seminario web \u00abEnfrentamientos con totalitarismos y la formaci\u00f3n de la libertad religiosa\u00bb, que tendr\u00e1 lugar el lunes, 29 de junio, a las 18:00.<\/strong><\/p>\n<p>Como enfatiz\u00f3 el Centro de Promoci\u00f3n de la Universidad de \u0141\u00f3d\u017a, la defensa de la libertad religiosa fue un factor importante para oponerse a los totalitarismos comunista y nazi. A menudo era una necesidad existencial de abajo hacia arriba de las personas, no solo las actividades de las organizaciones de la iglesia.<\/p>\n<p>Los organizadores suponen que durante el debate el intercambio de opiniones basadas en las experiencias de Polonia y Alemania abarcar\u00e1 las cuestiones como las dimensiones clave de la libertad religiosa, sus fuentes, la diferencia entre las perspectivas polaca y alemana y su relaci\u00f3n con las regulaciones europeas en este asunto.<\/p>\n","protected":false},"excerpt":{"rendered":"<p>El Centro Europeo de Investigaci\u00f3n Pol\u00edtica de la Universidad de \u0141\u00f3d\u017a (U\u0141) invita al seminario web \u00abEnfrentamientos con totalitarismos y la formaci\u00f3n de la libertad religiosa\u00bb, que tendr\u00e1 lugar el lunes, 29 de junio, a las 18:00. Como enfatiz\u00f3 el Centro de Promoci\u00f3n de la Universidad de \u0141\u00f3d\u017a, la defensa de la libertad religiosa fue [&hellip;]<\/p>\n","protected":false},"author":6,"featured_media":0,"comment_status":"closed","ping_status":"closed","sticky":false,"template":"","format":"standard","meta":[],"categories":[81],"tags":[],"_links":{"self":[{"href":"https:\/\/www.polishscience.pl\/es\/wp-json\/wp\/v2\/posts\/133812"}],"collection":[{"href":"https:\/\/www.polishscience.pl\/es\/wp-json\/wp\/v2\/posts"}],"about":[{"href":"https:\/\/www.polishscience.pl\/es\/wp-json\/wp\/v2\/types\/post"}],"author":[{"embeddable":true,"href":"https:\/\/www.polishscience.pl\/es\/wp-json\/wp\/v2\/users\/6"}],"replies":[{"embeddable":true,"href":"https:\/\/www.polishscience.pl\/es\/wp-json\/wp\/v2\/comments?post=133812"}],"version-history":[{"count":0,"href":"https:\/\/www.polishscience.pl\/es\/wp-json\/wp\/v2\/posts\/133812\/revisions"}],"wp:attachment":[{"href":"https:\/\/www.polishscience.pl\/es\/wp-json\/wp\/v2\/media?parent=133812"}],"wp:term":[{"taxonomy":"category","embeddable":true,"href":"https:\/\/www.polishscience.pl\/es\/wp-json\/wp\/v2\/categories?post=133812"},{"taxonomy":"post_tag","embeddable":true,"href":"https:\/\/www.polishscience.pl\/es\/wp-json\/wp\/v2\/tags?post=133812"}],"curies":[{"name":"wp","href":"https:\/\/api.w.org\/{rel}","templated":true}]}}